{"id":1019,"date":"2019-03-11T11:31:44","date_gmt":"2019-03-11T10:31:44","guid":{"rendered":"https:\/\/imagesontourne.com\/?p=1019"},"modified":"2024-02-05T20:46:18","modified_gmt":"2024-02-05T19:46:18","slug":"grisart-lille-art-up-2019","status":"publish","type":"post","link":"https:\/\/imagesontourne.com\/index.php\/2019\/03\/11\/grisart-lille-art-up-2019\/","title":{"rendered":"GRISART &#8211; Lille Art Up! 2019"},"content":{"rendered":"\t\t<div data-elementor-type=\"wp-post\" data-elementor-id=\"1019\" class=\"elementor elementor-1019\">\n\t\t\t\t<div class=\"elementor-element elementor-element-6ddfadb e-flex e-con-boxed e-con e-parent\" data-id=\"6ddfadb\" data-element_type=\"container\" data-e-type=\"container\">\n\t\t\t\t\t<div class=\"e-con-inner\">\n\t\t\t\t<div class=\"elementor-element elementor-element-3d6d48a elementor-widget elementor-widget-heading\" data-id=\"3d6d48a\" data-element_type=\"widget\" data-e-type=\"widget\" data-widget_type=\"heading.default\">\n\t\t\t\t<div class=\"elementor-widget-container\">\n\t\t\t\t\t<h2 class=\"elementor-heading-title elementor-size-default\">GRISART, international school of photography, Barcelona, present artistic photo works<\/h2>\t\t\t\t<\/div>\n\t\t\t\t<\/div>\n\t\t\t\t\t<\/div>\n\t\t\t\t<\/div>\n\t\t<div class=\"elementor-element elementor-element-fdc5f57 e-flex e-con-boxed e-con e-parent\" data-id=\"fdc5f57\" data-element_type=\"container\" data-e-type=\"container\">\n\t\t\t\t\t<div class=\"e-con-inner\">\n\t\t\t\t<div class=\"elementor-element elementor-element-27a4963 elementor-widget elementor-widget-video\" data-id=\"27a4963\" data-element_type=\"widget\" data-e-type=\"widget\" data-settings=\"{&quot;youtube_url&quot;:&quot;https:\\\/\\\/youtu.be\\\/vWO0RIQWROs&quot;,&quot;video_type&quot;:&quot;youtube&quot;,&quot;controls&quot;:&quot;yes&quot;}\" data-widget_type=\"video.default\">\n\t\t\t\t<div class=\"elementor-widget-container\">\n\t\t\t\t\t\t\t<div class=\"elementor-wrapper elementor-open-inline\">\n\t\t\t<div class=\"elementor-video\"><\/div>\t\t<\/div>\n\t\t\t\t\t\t<\/div>\n\t\t\t\t<\/div>\n\t\t\t\t<div class=\"elementor-element elementor-element-2242697 elementor-widget-divider--view-line elementor-widget elementor-widget-divider\" data-id=\"2242697\" data-element_type=\"widget\" data-e-type=\"widget\" data-widget_type=\"divider.default\">\n\t\t\t\t<div class=\"elementor-widget-container\">\n\t\t\t\t\t\t\t<div class=\"elementor-divider\">\n\t\t\t<span class=\"elementor-divider-separator\">\n\t\t\t\t\t\t<\/span>\n\t\t<\/div>\n\t\t\t\t\t\t<\/div>\n\t\t\t\t<\/div>\n\t\t\t\t\t<\/div>\n\t\t\t\t<\/div>\n\t\t<div class=\"elementor-element elementor-element-6bf4ec4 e-flex e-con-boxed e-con e-parent\" data-id=\"6bf4ec4\" data-element_type=\"container\" data-e-type=\"container\">\n\t\t\t\t\t<div class=\"e-con-inner\">\n\t\t\t\t<div class=\"elementor-element elementor-element-dfa702b elementor-widget elementor-widget-text-editor\" data-id=\"dfa702b\" data-element_type=\"widget\" data-e-type=\"widget\" data-widget_type=\"text-editor.default\">\n\t\t\t\t<div class=\"elementor-widget-container\">\n\t\t\t\t\t\t\t\t\t<h4>GRISART &#8211; Chiara Fabro\u00a0<\/h4><blockquote><h4>&#8220;the work of Irene Ruyo, a very young talent. She is now 20 years old (&#8230;) Her work is like an intimate diary. All the pictures are shooting analog photo. It represents her daily life. it is a very fresh work,(&#8230;) but also very intense.&#8221;<\/h4><\/blockquote>\t\t\t\t\t\t\t\t<\/div>\n\t\t\t\t<\/div>\n\t\t\t\t\t<\/div>\n\t\t\t\t<\/div>\n\t\t<div class=\"elementor-element elementor-element-37183e1 e-flex e-con-boxed e-con e-parent\" data-id=\"37183e1\" data-element_type=\"container\" data-e-type=\"container\">\n\t\t\t\t\t<div class=\"e-con-inner\">\n\t\t\t\t<div class=\"elementor-element elementor-element-fc0ffa3 elementor-widget elementor-widget-text-editor\" data-id=\"fc0ffa3\" data-element_type=\"widget\" data-e-type=\"widget\" data-widget_type=\"text-editor.default\">\n\t\t\t\t<div class=\"elementor-widget-container\">\n\t\t\t\t\t\t\t\t\t<div id=\"0DE9E47C-871A-4F90-8440-B190C216800A_5\" class=\"mcafee_UNKNOWN\"><div class=\"wpb_text_column wpb_content_element \"><div class=\"wpb_wrapper\"><div id=\"0DE9E47C-871A-4F90-8440-B190C216800A_5\" class=\"mcafee_UNKNOWN\"><div><div id=\"0DE9E47C-871A-4F90-8440-B190C216800A_5\" class=\"mcafee_UNKNOWN\"><p>La galerie et \u00e9cole internationale de photographie, <strong>GRISART<\/strong>, sa directrice Chiara Fabro pr\u00e9sente les \u0153uvres de trois artistes, Ir\u00e8ne Royo et Maria Munzi, \u00e9tudiantes et Daniel Solsona, professeur.<\/p><p><a href=\"https:\/\/www.grisart.com\/\" target=\"_blank\" rel=\"noopener noreferrer\">GRISART<\/a> produit le festival <a href=\"https:\/\/www.grisart.com\/\" target=\"_blank\" rel=\"noopener noreferrer\">PANORAMIC<\/a>, associant cin\u00e9ma et photographie, qui pour sa 13<sup>\u00e8me <\/sup>\u00e9dition, en octobre, aura pour objet les 50 ans des premiers pas pos\u00e9s par l\u2019Homme sur la Lune, et plus largement la place de la lune dans l\u2019art photographique et le cin\u00e9ma.<\/p><p><strong style=\"color: #000000;\"><span style=\"color: #ffffff;\">OPEN<\/span><span style=\"color: #ff0000;\"><em>EYE<\/em><\/span><span style=\"color: #ffffff;\">, le regard d&#8217;aujourd&#8217;hui sur la photographie<\/span><\/strong><span style=\"color: #ffffff;\"> est partenaire de <b>Lille Art Up! 2019<\/b><\/span><\/p><\/div><\/div><\/div><\/div><\/div><\/div>\t\t\t\t\t\t\t\t<\/div>\n\t\t\t\t<\/div>\n\t\t\t\t<div class=\"elementor-element elementor-element-8827aa1 elementor-widget elementor-widget-spacer\" data-id=\"8827aa1\" data-element_type=\"widget\" data-e-type=\"widget\" data-widget_type=\"spacer.default\">\n\t\t\t\t<div class=\"elementor-widget-container\">\n\t\t\t\t\t\t\t<div class=\"elementor-spacer\">\n\t\t\t<div class=\"elementor-spacer-inner\"><\/div>\n\t\t<\/div>\n\t\t\t\t\t\t<\/div>\n\t\t\t\t<\/div>\n\t\t\t\t<div class=\"elementor-element elementor-element-5a2fc53 elementor-widget elementor-widget-text-editor\" data-id=\"5a2fc53\" data-element_type=\"widget\" data-e-type=\"widget\" data-widget_type=\"text-editor.default\">\n\t\t\t\t<div class=\"elementor-widget-container\">\n\t\t\t\t\t\t\t\t\t<p><a href=\"https:\/\/lilleartup.com\/\" target=\"_blank\" rel=\"noopener\">Lille Art Up! 2019<\/a><\/p><p>Interviews de Chiara Fabro, directrice de l&#8217;Ecole Internationale de Photographie, GRISART (Barcelone).<\/p><p>Interview : Eric Dubois-Geoffroy<\/p><p>Tournage vid\u00e9o et son : Eric Dubois-Geoffroy<\/p><p>Montage : Eric Dubois-Geoffroy<\/p><p>Nos remerciements \u00e0 OPENEYE et \u00e0 Lille Art Up!<\/p><p>Lille Art Up &#8211; Foire d&#8217;Art Contemporain<\/p><p>Une production IMAGES ON TOURNE, en partenariat avec <a href=\"https:\/\/openeyelemagazine.fr\/\" target=\"_blank\" rel=\"noopener\">OPENEYE, le regard d&#8217;aujourd&#8217;hui sur la photographie<\/a>.<\/p>\t\t\t\t\t\t\t\t<\/div>\n\t\t\t\t<\/div>\n\t\t\t\t\t<\/div>\n\t\t\t\t<\/div>\n\t\t<div class=\"elementor-element elementor-element-bd18059 e-flex e-con-boxed e-con e-parent\" data-id=\"bd18059\" data-element_type=\"container\" data-e-type=\"container\">\n\t\t\t\t\t<div class=\"e-con-inner\">\n\t\t\t\t<div class=\"elementor-element elementor-element-55244ed elementor--star-style-star_fontawesome elementor-widget elementor-widget-star-rating\" data-id=\"55244ed\" data-element_type=\"widget\" data-e-type=\"widget\" data-widget_type=\"star-rating.default\">\n\t\t\t\t<div class=\"elementor-widget-container\">\n\t\t\t\t\t\t\t<div class=\"elementor-star-rating__wrapper\">\n\t\t\t\t\t\t\t<div class=\"elementor-star-rating__title\">Vous avez appr\u00e9ci\u00e9 la vid\u00e9o ? Laissez-nous un commentaire<\/div>\n\t\t\t\t\t\t<div class=\"elementor-star-rating\" itemtype=\"http:\/\/schema.org\/Rating\" itemscope=\"\" itemprop=\"reviewRating\">\n\t\t\t\t<i class=\"elementor-star-full\" aria-hidden=\"true\">&#xE934;<\/i><i class=\"elementor-star-full\" aria-hidden=\"true\">&#xE934;<\/i><i class=\"elementor-star-full\" aria-hidden=\"true\">&#xE934;<\/i><i class=\"elementor-star-full\" aria-hidden=\"true\">&#xE934;<\/i><i class=\"elementor-star-full\" aria-hidden=\"true\">&#xE934;<\/i>\t\t\t\t<span itemprop=\"ratingValue\" class=\"elementor-screen-only\">Not\u00e9 5 sur 5<\/span>\n\t\t\t<\/div>\n\t\t<\/div>\n\t\t\t\t\t\t<\/div>\n\t\t\t\t<\/div>\n\t\t\t\t<div class=\"elementor-element elementor-element-af74912 elementor-widget elementor-widget-heading\" data-id=\"af74912\" data-element_type=\"widget\" data-e-type=\"widget\" data-widget_type=\"heading.default\">\n\t\t\t\t<div class=\"elementor-widget-container\">\n\t\t\t\t\t<h6 class=\"elementor-heading-title elementor-size-default\">Abonnez-vous \u00e0 notre cha\u00eene YOUTUBE<\/h6>\t\t\t\t<\/div>\n\t\t\t\t<\/div>\n\t\t\t\t<div class=\"elementor-element elementor-element-423d249 elementor-widget elementor-widget-html\" data-id=\"423d249\" data-element_type=\"widget\" data-e-type=\"widget\" data-widget_type=\"html.default\">\n\t\t\t\t<div class=\"elementor-widget-container\">\n\t\t\t\t\t<script src=\"https:\/\/apis.google.com\/js\/platform.js\"><\/script>\r\n\r\n<div class=\"g-ytsubscribe\" data-channelid=\"UCjfWTBbTx8MEryrvAE7bKyQ\" data-layout=\"full\" data-theme=\"dark\" data-count=\"default\"><\/div>\t\t\t\t<\/div>\n\t\t\t\t<\/div>\n\t\t\t\t\t<\/div>\n\t\t\t\t<\/div>\n\t\t\t\t<\/div>\n\t\t","protected":false},"excerpt":{"rendered":"<p>GRISART<\/p>\n<p>&#8220;<\/p>\n","protected":false},"author":1,"featured_media":1021,"comment_status":"open","ping_status":"open","sticky":false,"template":"elementor_header_footer","format":"standard","meta":{"_acf_changed":false,"om_disable_all_campaigns":false,"_monsterinsights_skip_tracking":false,"_monsterinsights_sitenote_active":false,"_monsterinsights_sitenote_note":"","_monsterinsights_sitenote_category":0,"_uf_show_specific_survey":0,"_uf_disable_surveys":false,"footnotes":""},"categories":[25],"tags":[46],"class_list":["post-1019","post","type-post","status-publish","format-standard","has-post-thumbnail","hentry","category-lille-art-up-2019","tag-lille-art-up"],"acf":[],"aioseo_notices":[],"_links":{"self":[{"href":"https:\/\/imagesontourne.com\/index.php\/wp-json\/wp\/v2\/posts\/1019","targetHints":{"allow":["GET"]}}],"collection":[{"href":"https:\/\/imagesontourne.com\/index.php\/wp-json\/wp\/v2\/posts"}],"about":[{"href":"https:\/\/imagesontourne.com\/index.php\/wp-json\/wp\/v2\/types\/post"}],"author":[{"embeddable":true,"href":"https:\/\/imagesontourne.com\/index.php\/wp-json\/wp\/v2\/users\/1"}],"replies":[{"embeddable":true,"href":"https:\/\/imagesontourne.com\/index.php\/wp-json\/wp\/v2\/comments?post=1019"}],"version-history":[{"count":10,"href":"https:\/\/imagesontourne.com\/index.php\/wp-json\/wp\/v2\/posts\/1019\/revisions"}],"predecessor-version":[{"id":1031,"href":"https:\/\/imagesontourne.com\/index.php\/wp-json\/wp\/v2\/posts\/1019\/revisions\/1031"}],"wp:featuredmedia":[{"embeddable":true,"href":"https:\/\/imagesontourne.com\/index.php\/wp-json\/wp\/v2\/media\/1021"}],"wp:attachment":[{"href":"https:\/\/imagesontourne.com\/index.php\/wp-json\/wp\/v2\/media?parent=1019"}],"wp:term":[{"taxonomy":"category","embeddable":true,"href":"https:\/\/imagesontourne.com\/index.php\/wp-json\/wp\/v2\/categories?post=1019"},{"taxonomy":"post_tag","embeddable":true,"href":"https:\/\/imagesontourne.com\/index.php\/wp-json\/wp\/v2\/tags?post=1019"}],"curies":[{"name":"wp","href":"https:\/\/api.w.org\/{rel}","templated":true}]}}