{"id":1035,"date":"2019-03-12T15:58:57","date_gmt":"2019-03-12T14:58:57","guid":{"rendered":"https:\/\/imagesontourne.com\/?p=1035"},"modified":"2024-02-04T21:10:44","modified_gmt":"2024-02-04T20:10:44","slug":"anne-lacoste-lille-art-up-2019","status":"publish","type":"post","link":"https:\/\/imagesontourne.com\/index.php\/2019\/03\/12\/anne-lacoste-lille-art-up-2019\/","title":{"rendered":"Anne Lacoste &#8211; Lille Art Up! 2019"},"content":{"rendered":"\t\t<div data-elementor-type=\"wp-post\" data-elementor-id=\"1035\" class=\"elementor elementor-1035\">\n\t\t\t\t<div class=\"elementor-element elementor-element-6ddfadb e-flex e-con-boxed e-con e-parent\" data-id=\"6ddfadb\" data-element_type=\"container\" data-e-type=\"container\">\n\t\t\t\t\t<div class=\"e-con-inner\">\n\t\t\t\t<div class=\"elementor-element elementor-element-3d6d48a elementor-widget elementor-widget-heading\" data-id=\"3d6d48a\" data-element_type=\"widget\" data-e-type=\"widget\" data-widget_type=\"heading.default\">\n\t\t\t\t<div class=\"elementor-widget-container\">\n\t\t\t\t\t<h2 class=\"elementor-heading-title elementor-size-default\">Anne Lacoste, directrice de l'Institut pour la Photographie \u00e0 Lille Art Up ! 2019<\/h2>\t\t\t\t<\/div>\n\t\t\t\t<\/div>\n\t\t\t\t\t<\/div>\n\t\t\t\t<\/div>\n\t\t<div class=\"elementor-element elementor-element-fdc5f57 e-flex e-con-boxed e-con e-parent\" data-id=\"fdc5f57\" data-element_type=\"container\" data-e-type=\"container\">\n\t\t\t\t\t<div class=\"e-con-inner\">\n\t\t\t\t<div class=\"elementor-element elementor-element-27a4963 elementor-widget elementor-widget-video\" data-id=\"27a4963\" data-element_type=\"widget\" data-e-type=\"widget\" data-settings=\"{&quot;youtube_url&quot;:&quot;https:\\\/\\\/youtu.be\\\/BiEtosAPUe0&quot;,&quot;video_type&quot;:&quot;youtube&quot;,&quot;controls&quot;:&quot;yes&quot;}\" data-widget_type=\"video.default\">\n\t\t\t\t<div class=\"elementor-widget-container\">\n\t\t\t\t\t\t\t<div class=\"elementor-wrapper elementor-open-inline\">\n\t\t\t<div class=\"elementor-video\"><\/div>\t\t<\/div>\n\t\t\t\t\t\t<\/div>\n\t\t\t\t<\/div>\n\t\t\t\t<div class=\"elementor-element elementor-element-2242697 elementor-widget-divider--view-line elementor-widget elementor-widget-divider\" data-id=\"2242697\" data-element_type=\"widget\" data-e-type=\"widget\" data-widget_type=\"divider.default\">\n\t\t\t\t<div class=\"elementor-widget-container\">\n\t\t\t\t\t\t\t<div class=\"elementor-divider\">\n\t\t\t<span class=\"elementor-divider-separator\">\n\t\t\t\t\t\t<\/span>\n\t\t<\/div>\n\t\t\t\t\t\t<\/div>\n\t\t\t\t<\/div>\n\t\t\t\t\t<\/div>\n\t\t\t\t<\/div>\n\t\t<div class=\"elementor-element elementor-element-6bf4ec4 e-flex e-con-boxed e-con e-parent\" data-id=\"6bf4ec4\" data-element_type=\"container\" data-e-type=\"container\">\n\t\t\t\t\t<div class=\"e-con-inner\">\n\t\t\t\t<div class=\"elementor-element elementor-element-dfa702b elementor-widget elementor-widget-text-editor\" data-id=\"dfa702b\" data-element_type=\"widget\" data-e-type=\"widget\" data-widget_type=\"text-editor.default\">\n\t\t\t\t<div class=\"elementor-widget-container\">\n\t\t\t\t\t\t\t\t\t<h4>Anne Lacoste<\/h4><blockquote><h4>&#8220;L&#8217;Institut pour la Photographie a vocation a toucher le plus large public possible autour de la photographie. Notre programme reprend toute l&#8217;histoire de la photographie depuis les premiers proc\u00e9d\u00e9s et aussi un int\u00e9r\u00eat tout particulier pour favoriser la visibilit\u00e9 et soutenir la cr\u00e9ation contemporaine. Mais surtout nous nous int\u00e9ressons \u00e0 tous les usages de la photographie et souhaitons mettre en avant l&#8217;objet photographique.&#8221;<\/h4><\/blockquote>\t\t\t\t\t\t\t\t<\/div>\n\t\t\t\t<\/div>\n\t\t\t\t\t<\/div>\n\t\t\t\t<\/div>\n\t\t<div class=\"elementor-element elementor-element-37183e1 e-flex e-con-boxed e-con e-parent\" data-id=\"37183e1\" data-element_type=\"container\" data-e-type=\"container\">\n\t\t\t\t\t<div class=\"e-con-inner\">\n\t\t\t\t<div class=\"elementor-element elementor-element-fc0ffa3 elementor-widget elementor-widget-text-editor\" data-id=\"fc0ffa3\" data-element_type=\"widget\" data-e-type=\"widget\" data-widget_type=\"text-editor.default\">\n\t\t\t\t<div class=\"elementor-widget-container\">\n\t\t\t\t\t\t\t\t\t<div id=\"0DE9E47C-871A-4F90-8440-B190C216800A_5\" class=\"mcafee_UNKNOWN\"><div class=\"wpb_text_column wpb_content_element \"><div class=\"wpb_wrapper\"><div id=\"0DE9E47C-871A-4F90-8440-B190C216800A_5\" class=\"mcafee_UNKNOWN\"><div><div id=\"0DE9E47C-871A-4F90-8440-B190C216800A_5\" class=\"mcafee_UNKNOWN\"><p><strong>Anne Lacoste<\/strong>, directrice de l\u2019Institut pour la photographie des Hauts-de-France, a accord\u00e9 \u00e0 <strong>OPEN<\/strong><em><span style=\"color: #ff0000;\">EYE<\/span><\/em> une longue interview o\u00f9 elle revient sur un peu plus d\u2019un an d\u2019activit\u00e9s de l\u2019association qui est en charge de dessiner les contours du futur Institut. <a href=\"https:\/\/www.institut-photo.com\/qui-sommes-nous\/\" target=\"_blank\" rel=\"noopener noreferrer\">Anne Lacoste<\/a> pr\u00e9cise les missions confi\u00e9es \u00e0 l&#8217;association de pr\u00e9figuration de <a href=\"https:\/\/www.institut-photo.com\/\" target=\"_blank\" rel=\"noopener noreferrer\">l&#8217;Institut pour la Photographie<\/a>, les projets en cours ou \u00e0 venir pour 2019, dont une s\u00e9rie d\u2019expositions temporaires \u00e0 d\u00e9couvrir d\u00e8s cet automne.<\/p><\/div><\/div><div><span style=\"color: #ffffff;\"><strong>OPEN<em>EYE<\/em>, le regard d&#8217;aujourd&#8217;hui sur la photographie<\/strong> est partenaire de <b>Lille Art Up! 2019<\/b><\/span><\/div><div><div id=\"0DE9E47C-871A-4F90-8440-B190C216800A_4\" class=\"mcafee_OK\">\u00a0<\/div><\/div><\/div><\/div><\/div><\/div>\t\t\t\t\t\t\t\t<\/div>\n\t\t\t\t<\/div>\n\t\t\t\t<div class=\"elementor-element elementor-element-8827aa1 elementor-widget elementor-widget-spacer\" data-id=\"8827aa1\" data-element_type=\"widget\" data-e-type=\"widget\" data-widget_type=\"spacer.default\">\n\t\t\t\t<div class=\"elementor-widget-container\">\n\t\t\t\t\t\t\t<div class=\"elementor-spacer\">\n\t\t\t<div class=\"elementor-spacer-inner\"><\/div>\n\t\t<\/div>\n\t\t\t\t\t\t<\/div>\n\t\t\t\t<\/div>\n\t\t\t\t<div class=\"elementor-element elementor-element-5a2fc53 elementor-widget elementor-widget-text-editor\" data-id=\"5a2fc53\" data-element_type=\"widget\" data-e-type=\"widget\" data-widget_type=\"text-editor.default\">\n\t\t\t\t<div class=\"elementor-widget-container\">\n\t\t\t\t\t\t\t\t\t<p><a href=\"https:\/\/lilleartup.com\/\" target=\"_blank\" rel=\"noopener\">Lille Art Up! 2019<\/a><\/p><p>Interviews d&#8217;Anne Lacoste, directrice de l&#8217;Institut pour la Photographie des Hauts-de-France<\/p><p>Interview : Eric Dubois-Geoffroy<\/p><p>Tournage vid\u00e9o et son : Eric Dubois-Geoffroy<\/p><p>Montage : Eric Dubois-Geoffroy<\/p><p>Nos remerciements \u00e0 OPENEYE et \u00e0 Lille Art Up!<\/p><p>Lille Art Up &#8211; Foire d&#8217;Art Contemporain<\/p><p>Une production IMAGES ON TOURNE, en partenariat avec <a href=\"https:\/\/openeyelemagazine.fr\/\" target=\"_blank\" rel=\"noopener\">OPENEYE, le regard d&#8217;aujourd&#8217;hui sur la photographie<\/a>.<\/p>\t\t\t\t\t\t\t\t<\/div>\n\t\t\t\t<\/div>\n\t\t\t\t\t<\/div>\n\t\t\t\t<\/div>\n\t\t<div class=\"elementor-element elementor-element-bd18059 e-flex e-con-boxed e-con e-parent\" data-id=\"bd18059\" data-element_type=\"container\" data-e-type=\"container\">\n\t\t\t\t\t<div class=\"e-con-inner\">\n\t\t\t\t<div class=\"elementor-element elementor-element-55244ed elementor--star-style-star_fontawesome elementor-widget elementor-widget-star-rating\" data-id=\"55244ed\" data-element_type=\"widget\" data-e-type=\"widget\" data-widget_type=\"star-rating.default\">\n\t\t\t\t<div class=\"elementor-widget-container\">\n\t\t\t\t\t\t\t<div class=\"elementor-star-rating__wrapper\">\n\t\t\t\t\t\t\t<div class=\"elementor-star-rating__title\">Vous avez appr\u00e9ci\u00e9 la vid\u00e9o ? Laissez-nous un commentaire<\/div>\n\t\t\t\t\t\t<div class=\"elementor-star-rating\" itemtype=\"http:\/\/schema.org\/Rating\" itemscope=\"\" itemprop=\"reviewRating\">\n\t\t\t\t<i class=\"elementor-star-full\" aria-hidden=\"true\">&#xE934;<\/i><i class=\"elementor-star-full\" aria-hidden=\"true\">&#xE934;<\/i><i class=\"elementor-star-full\" aria-hidden=\"true\">&#xE934;<\/i><i class=\"elementor-star-full\" aria-hidden=\"true\">&#xE934;<\/i><i class=\"elementor-star-full\" aria-hidden=\"true\">&#xE934;<\/i>\t\t\t\t<span itemprop=\"ratingValue\" class=\"elementor-screen-only\">Not\u00e9 5 sur 5<\/span>\n\t\t\t<\/div>\n\t\t<\/div>\n\t\t\t\t\t\t<\/div>\n\t\t\t\t<\/div>\n\t\t\t\t<div class=\"elementor-element elementor-element-af74912 elementor-widget elementor-widget-heading\" data-id=\"af74912\" data-element_type=\"widget\" data-e-type=\"widget\" data-widget_type=\"heading.default\">\n\t\t\t\t<div class=\"elementor-widget-container\">\n\t\t\t\t\t<h6 class=\"elementor-heading-title elementor-size-default\">Abonnez-vous \u00e0 notre cha\u00eene YOUTUBE<\/h6>\t\t\t\t<\/div>\n\t\t\t\t<\/div>\n\t\t\t\t<div class=\"elementor-element elementor-element-423d249 elementor-widget elementor-widget-html\" data-id=\"423d249\" data-element_type=\"widget\" data-e-type=\"widget\" data-widget_type=\"html.default\">\n\t\t\t\t<div class=\"elementor-widget-container\">\n\t\t\t\t\t<script src=\"https:\/\/apis.google.com\/js\/platform.js\"><\/script>\r\n\r\n<div class=\"g-ytsubscribe\" data-channelid=\"UCjfWTBbTx8MEryrvAE7bKyQ\" data-layout=\"full\" data-theme=\"dark\" data-count=\"default\"><\/div>\t\t\t\t<\/div>\n\t\t\t\t<\/div>\n\t\t\t\t\t<\/div>\n\t\t\t\t<\/div>\n\t\t\t\t<\/div>\n\t\t","protected":false},"excerpt":{"rendered":"<p>Anne Lacoste<\/p>\n<p>&#8220;<\/p>\n","protected":false},"author":1,"featured_media":1037,"comment_status":"open","ping_status":"open","sticky":false,"template":"elementor_header_footer","format":"standard","meta":{"_acf_changed":false,"om_disable_all_campaigns":false,"_monsterinsights_skip_tracking":false,"_monsterinsights_sitenote_active":false,"_monsterinsights_sitenote_note":"","_monsterinsights_sitenote_category":0,"_uf_show_specific_survey":0,"_uf_disable_surveys":false,"footnotes":""},"categories":[25],"tags":[],"class_list":["post-1035","post","type-post","status-publish","format-standard","has-post-thumbnail","hentry","category-lille-art-up-2019"],"acf":[],"aioseo_notices":[],"_links":{"self":[{"href":"https:\/\/imagesontourne.com\/index.php\/wp-json\/wp\/v2\/posts\/1035","targetHints":{"allow":["GET"]}}],"collection":[{"href":"https:\/\/imagesontourne.com\/index.php\/wp-json\/wp\/v2\/posts"}],"about":[{"href":"https:\/\/imagesontourne.com\/index.php\/wp-json\/wp\/v2\/types\/post"}],"author":[{"embeddable":true,"href":"https:\/\/imagesontourne.com\/index.php\/wp-json\/wp\/v2\/users\/1"}],"replies":[{"embeddable":true,"href":"https:\/\/imagesontourne.com\/index.php\/wp-json\/wp\/v2\/comments?post=1035"}],"version-history":[{"count":14,"href":"https:\/\/imagesontourne.com\/index.php\/wp-json\/wp\/v2\/posts\/1035\/revisions"}],"predecessor-version":[{"id":1051,"href":"https:\/\/imagesontourne.com\/index.php\/wp-json\/wp\/v2\/posts\/1035\/revisions\/1051"}],"wp:featuredmedia":[{"embeddable":true,"href":"https:\/\/imagesontourne.com\/index.php\/wp-json\/wp\/v2\/media\/1037"}],"wp:attachment":[{"href":"https:\/\/imagesontourne.com\/index.php\/wp-json\/wp\/v2\/media?parent=1035"}],"wp:term":[{"taxonomy":"category","embeddable":true,"href":"https:\/\/imagesontourne.com\/index.php\/wp-json\/wp\/v2\/categories?post=1035"},{"taxonomy":"post_tag","embeddable":true,"href":"https:\/\/imagesontourne.com\/index.php\/wp-json\/wp\/v2\/tags?post=1035"}],"curies":[{"name":"wp","href":"https:\/\/api.w.org\/{rel}","templated":true}]}}