{"id":1243,"date":"2024-02-11T15:03:39","date_gmt":"2024-02-11T14:03:39","guid":{"rendered":"https:\/\/imagesontourne.com\/?p=1243"},"modified":"2024-02-11T15:09:31","modified_gmt":"2024-02-11T14:09:31","slug":"soiree-inaugurale-lille-art-up-2024","status":"publish","type":"post","link":"https:\/\/imagesontourne.com\/index.php\/2024\/02\/11\/soiree-inaugurale-lille-art-up-2024\/","title":{"rendered":"Soir\u00e9e inaugurale &#8211; Lille Art Up! 2024"},"content":{"rendered":"\t\t<div data-elementor-type=\"wp-post\" data-elementor-id=\"1243\" class=\"elementor elementor-1243\">\n\t\t\t\t<div class=\"elementor-element elementor-element-6ddfadb e-flex e-con-boxed e-con e-parent\" data-id=\"6ddfadb\" data-element_type=\"container\" data-e-type=\"container\">\n\t\t\t\t\t<div class=\"e-con-inner\">\n\t\t\t\t<div class=\"elementor-element elementor-element-3d6d48a elementor-widget elementor-widget-heading\" data-id=\"3d6d48a\" data-element_type=\"widget\" data-e-type=\"widget\" data-widget_type=\"heading.default\">\n\t\t\t\t<div class=\"elementor-widget-container\">\n\t\t\t\t\t<h2 class=\"elementor-heading-title elementor-size-default\">Soir\u00e9e inaugurale - Lille Art Up! 2024<\/h2>\t\t\t\t<\/div>\n\t\t\t\t<\/div>\n\t\t\t\t\t<\/div>\n\t\t\t\t<\/div>\n\t\t<div class=\"elementor-element elementor-element-fdc5f57 e-flex e-con-boxed e-con e-parent\" data-id=\"fdc5f57\" data-element_type=\"container\" data-e-type=\"container\">\n\t\t\t\t\t<div class=\"e-con-inner\">\n\t\t\t\t<div class=\"elementor-element elementor-element-27a4963 elementor-widget elementor-widget-video\" data-id=\"27a4963\" data-element_type=\"widget\" data-e-type=\"widget\" data-settings=\"{&quot;youtube_url&quot;:&quot;https:\\\/\\\/youtu.be\\\/XGcJaSIMmyQ&quot;,&quot;video_type&quot;:&quot;youtube&quot;,&quot;controls&quot;:&quot;yes&quot;}\" data-widget_type=\"video.default\">\n\t\t\t\t<div class=\"elementor-widget-container\">\n\t\t\t\t\t\t\t<div class=\"elementor-wrapper elementor-open-inline\">\n\t\t\t<div class=\"elementor-video\"><\/div>\t\t<\/div>\n\t\t\t\t\t\t<\/div>\n\t\t\t\t<\/div>\n\t\t\t\t<div class=\"elementor-element elementor-element-2242697 elementor-widget-divider--view-line elementor-widget elementor-widget-divider\" data-id=\"2242697\" data-element_type=\"widget\" data-e-type=\"widget\" data-widget_type=\"divider.default\">\n\t\t\t\t<div class=\"elementor-widget-container\">\n\t\t\t\t\t\t\t<div class=\"elementor-divider\">\n\t\t\t<span class=\"elementor-divider-separator\">\n\t\t\t\t\t\t<\/span>\n\t\t<\/div>\n\t\t\t\t\t\t<\/div>\n\t\t\t\t<\/div>\n\t\t\t\t\t<\/div>\n\t\t\t\t<\/div>\n\t\t<div class=\"elementor-element elementor-element-6bf4ec4 e-flex e-con-boxed e-con e-parent\" data-id=\"6bf4ec4\" data-element_type=\"container\" data-e-type=\"container\">\n\t\t\t\t\t<div class=\"e-con-inner\">\n\t\t\t\t<div class=\"elementor-element elementor-element-dfa702b elementor-widget elementor-widget-text-editor\" data-id=\"dfa702b\" data-element_type=\"widget\" data-e-type=\"widget\" data-widget_type=\"text-editor.default\">\n\t\t\t\t<div class=\"elementor-widget-container\">\n\t\t\t\t\t\t\t\t\t<h4>Olivier<\/h4><blockquote><h4>&#8220;J&#8217;ai trouv\u00e9 que les galeries avait vraiment \u00e9t\u00e9 tr\u00e8s bien pens\u00e9es dans leur diss\u00e9mination dans l&#8217;espace qui est tr\u00e8s tr\u00e8s grand. <br \/>Il y a des r\u00e9sonnances entre photographes, entre sculpteurs, grapheurs, graphistes, peintres. Quand le regard se pose, c&#8217;est tellement grand, plus de 100 galeries ! On se prom\u00e8ne, l&#8217;\u0153il est captiv\u00e9. La direction artistique cette ann\u00e9e est d&#8217;un tr\u00e8s bon choix.&#8221;<\/h4><\/blockquote>\t\t\t\t\t\t\t\t<\/div>\n\t\t\t\t<\/div>\n\t\t\t\t\t<\/div>\n\t\t\t\t<\/div>\n\t\t<div class=\"elementor-element elementor-element-37183e1 e-flex e-con-boxed e-con e-parent\" data-id=\"37183e1\" data-element_type=\"container\" data-e-type=\"container\">\n\t\t\t\t\t<div class=\"e-con-inner\">\n\t\t\t\t<div class=\"elementor-element elementor-element-8827aa1 elementor-widget elementor-widget-spacer\" data-id=\"8827aa1\" data-element_type=\"widget\" data-e-type=\"widget\" data-widget_type=\"spacer.default\">\n\t\t\t\t<div class=\"elementor-widget-container\">\n\t\t\t\t\t\t\t<div class=\"elementor-spacer\">\n\t\t\t<div class=\"elementor-spacer-inner\"><\/div>\n\t\t<\/div>\n\t\t\t\t\t\t<\/div>\n\t\t\t\t<\/div>\n\t\t\t\t<div class=\"elementor-element elementor-element-5a2fc53 elementor-widget elementor-widget-text-editor\" data-id=\"5a2fc53\" data-element_type=\"widget\" data-e-type=\"widget\" data-widget_type=\"text-editor.default\">\n\t\t\t\t<div class=\"elementor-widget-container\">\n\t\t\t\t\t\t\t\t\t<p><a href=\"https:\/\/lilleartup.com\/\" target=\"_blank\" rel=\"noopener\">Lille Art Up! 2024<\/a><\/p><p>Reportage lors de la soir\u00e9e inaugurale le 07 f\u00e9vrier 2024<\/p><p>Par ordre des interviews : <br \/>Valem &#8211; Galerie Benedicte Giniaux<br \/>Manon Brassart &#8211; Charg\u00e9e des publics et de la m\u00e9diation &#8211; CRP<br \/>Patrick Poulain &#8211; fondateur de la LaS\u00e9cu<br \/>Fran\u00e7ois Andes &#8211; Artiste visuel<br \/>Karine Fraysse &#8211; D\u00e9l\u00e9gu\u00e9e culturelle &#8211; CHU de Lille<br \/>Cl\u00e9ment Verdi\u00e8re &#8211; artiste peintre<br \/>Virginie Caudron &#8211; Directrice Mus\u00e9e de l&#8217;estampe et du dessin de Gravelines<br \/>Olivier Deprez &#8211; artiste, graveur sur bois, b\u00e9d\u00e9iste<br \/>Olivier Rovere &#8211; Directeur adjoint de l&#8217;ARS Hauts-de-France<\/p><p>Nos remerciements \u00e0 l&#8217;\u00e9quipe de Lille Art Up! pour l&#8217;organisation des interviews. <br \/>https:\/\/lilleartup.com<\/p><p>Nos remerciements \u00e0 VINCI ENERGIES et Nord Audio Electronique pour leurs invitations.<\/p><p>Reportage r\u00e9alis\u00e9 en partenariat avec le magazine OPENEYE, le Regard d&#8217;Aujourd&#8217;hui sur la photographie &#8211; https:\/\/openeyelemagazine.fr<\/p><p>Interview <br \/>Captation vid\u00e9o <br \/>Montage <br \/>Eric Dubois-Geoffroy<\/p><p>Musique <br \/>#1220 Arturia Freak Vs Equator \u00c0 La Playa<br \/>ERT aka Eric TROCHU<br \/>Compositeur &amp; interpr\u00e8te<br \/>29 avril 2021<br \/><a href=\"https:\/\/soundcloud.com\/ert2058\">https:\/\/soundcloud.com\/ert2058<\/a><\/p><p>R\u00e9alis\u00e9 en partenariat avec<br \/>OPENEYE, le Regard d&#8217;Aujourd&#8217;hui sur la photographie<br \/><a href=\"https:\/\/openeyelemagazine.fr\/\">https:\/\/openeyelemagazine.fr\/<\/a><\/p><p>R\u00e9alisation IMAGES ON TOURNE<br \/>2024<\/p>\t\t\t\t\t\t\t\t<\/div>\n\t\t\t\t<\/div>\n\t\t\t\t\t<\/div>\n\t\t\t\t<\/div>\n\t\t<div class=\"elementor-element elementor-element-bd18059 e-flex e-con-boxed e-con e-parent\" data-id=\"bd18059\" data-element_type=\"container\" data-e-type=\"container\">\n\t\t\t\t\t<div class=\"e-con-inner\">\n\t\t\t\t<div class=\"elementor-element elementor-element-55244ed elementor--star-style-star_fontawesome elementor-widget elementor-widget-star-rating\" data-id=\"55244ed\" data-element_type=\"widget\" data-e-type=\"widget\" data-widget_type=\"star-rating.default\">\n\t\t\t\t<div class=\"elementor-widget-container\">\n\t\t\t\t\t\t\t<div class=\"elementor-star-rating__wrapper\">\n\t\t\t\t\t\t\t<div class=\"elementor-star-rating__title\">Vous avez appr\u00e9ci\u00e9 la vid\u00e9o ? Laissez-nous un commentaire<\/div>\n\t\t\t\t\t\t<div class=\"elementor-star-rating\" itemtype=\"http:\/\/schema.org\/Rating\" itemscope=\"\" itemprop=\"reviewRating\">\n\t\t\t\t<i class=\"elementor-star-full\" aria-hidden=\"true\">&#xE934;<\/i><i class=\"elementor-star-full\" aria-hidden=\"true\">&#xE934;<\/i><i class=\"elementor-star-full\" aria-hidden=\"true\">&#xE934;<\/i><i class=\"elementor-star-full\" aria-hidden=\"true\">&#xE934;<\/i><i class=\"elementor-star-full\" aria-hidden=\"true\">&#xE934;<\/i>\t\t\t\t<span itemprop=\"ratingValue\" class=\"elementor-screen-only\">Not\u00e9 5 sur 5<\/span>\n\t\t\t<\/div>\n\t\t<\/div>\n\t\t\t\t\t\t<\/div>\n\t\t\t\t<\/div>\n\t\t\t\t\t<\/div>\n\t\t\t\t<\/div>\n\t\t\t\t<\/div>\n\t\t","protected":false},"excerpt":{"rendered":"<p>Soir\u00e9e inaugurale &#8211; Lille Art Up! 2024 Olivier &#8220;J&#8217;ai trouv\u00e9 que les galeries avait vraiment \u00e9t\u00e9 tr\u00e8s bien pens\u00e9es dans leur diss\u00e9mination dans l&#8217;espace qui est tr\u00e8s tr\u00e8s grand. Il y a des r\u00e9sonnances entre photographes, entre sculpteurs, grapheurs, graphistes, peintres. Quand le regard se pose, c&#8217;est tellement grand, plus de 100 galeries ! On [&hellip;]<\/p>\n","protected":false},"author":1,"featured_media":1244,"comment_status":"open","ping_status":"open","sticky":false,"template":"elementor_header_footer","format":"standard","meta":{"_acf_changed":false,"om_disable_all_campaigns":false,"_monsterinsights_skip_tracking":false,"_monsterinsights_sitenote_active":false,"_monsterinsights_sitenote_note":"","_monsterinsights_sitenote_category":0,"_uf_show_specific_survey":0,"_uf_disable_surveys":false,"footnotes":""},"categories":[47],"tags":[],"class_list":["post-1243","post","type-post","status-publish","format-standard","has-post-thumbnail","hentry","category-lille-art-up-2024"],"acf":[],"aioseo_notices":[],"_links":{"self":[{"href":"https:\/\/imagesontourne.com\/index.php\/wp-json\/wp\/v2\/posts\/1243","targetHints":{"allow":["GET"]}}],"collection":[{"href":"https:\/\/imagesontourne.com\/index.php\/wp-json\/wp\/v2\/posts"}],"about":[{"href":"https:\/\/imagesontourne.com\/index.php\/wp-json\/wp\/v2\/types\/post"}],"author":[{"embeddable":true,"href":"https:\/\/imagesontourne.com\/index.php\/wp-json\/wp\/v2\/users\/1"}],"replies":[{"embeddable":true,"href":"https:\/\/imagesontourne.com\/index.php\/wp-json\/wp\/v2\/comments?post=1243"}],"version-history":[{"count":4,"href":"https:\/\/imagesontourne.com\/index.php\/wp-json\/wp\/v2\/posts\/1243\/revisions"}],"predecessor-version":[{"id":1248,"href":"https:\/\/imagesontourne.com\/index.php\/wp-json\/wp\/v2\/posts\/1243\/revisions\/1248"}],"wp:featuredmedia":[{"embeddable":true,"href":"https:\/\/imagesontourne.com\/index.php\/wp-json\/wp\/v2\/media\/1244"}],"wp:attachment":[{"href":"https:\/\/imagesontourne.com\/index.php\/wp-json\/wp\/v2\/media?parent=1243"}],"wp:term":[{"taxonomy":"category","embeddable":true,"href":"https:\/\/imagesontourne.com\/index.php\/wp-json\/wp\/v2\/categories?post=1243"},{"taxonomy":"post_tag","embeddable":true,"href":"https:\/\/imagesontourne.com\/index.php\/wp-json\/wp\/v2\/tags?post=1243"}],"curies":[{"name":"wp","href":"https:\/\/api.w.org\/{rel}","templated":true}]}}