{"id":130,"date":"2019-01-22T15:54:56","date_gmt":"2019-01-22T14:54:56","guid":{"rendered":"https:\/\/imagesontourne.com\/?p=130"},"modified":"2023-08-05T09:55:56","modified_gmt":"2023-08-05T07:55:56","slug":"uwe-ommer","status":"publish","type":"post","link":"https:\/\/imagesontourne.com\/index.php\/2019\/01\/22\/uwe-ommer\/","title":{"rendered":"Uwe Ommer, photographe"},"content":{"rendered":"\t\t<div data-elementor-type=\"wp-post\" data-elementor-id=\"130\" class=\"elementor elementor-130\">\n\t\t\t\t<div class=\"elementor-element elementor-element-6ddfadb e-flex e-con-boxed e-con e-parent\" data-id=\"6ddfadb\" data-element_type=\"container\" data-e-type=\"container\">\n\t\t\t\t\t<div class=\"e-con-inner\">\n\t\t\t\t<div class=\"elementor-element elementor-element-3d6d48a elementor-widget elementor-widget-heading\" data-id=\"3d6d48a\" data-element_type=\"widget\" data-e-type=\"widget\" data-widget_type=\"heading.default\">\n\t\t\t\t<div class=\"elementor-widget-container\">\n\t\t\t\t\t<h2 class=\"elementor-heading-title elementor-size-default\">Uwe Ommer, photographe<\/h2>\t\t\t\t<\/div>\n\t\t\t\t<\/div>\n\t\t\t\t\t<\/div>\n\t\t\t\t<\/div>\n\t\t<div class=\"elementor-element elementor-element-fdc5f57 e-flex e-con-boxed e-con e-parent\" data-id=\"fdc5f57\" data-element_type=\"container\" data-e-type=\"container\">\n\t\t\t\t\t<div class=\"e-con-inner\">\n\t\t\t\t<div class=\"elementor-element elementor-element-27a4963 elementor-widget elementor-widget-video\" data-id=\"27a4963\" data-element_type=\"widget\" data-e-type=\"widget\" data-settings=\"{&quot;video_type&quot;:&quot;vimeo&quot;}\" data-widget_type=\"video.default\">\n\t\t\t\t<div class=\"elementor-widget-container\">\n\t\t\t\t\t\t\t<div class=\"elementor-wrapper elementor-open-inline\">\n\t\t\t<iframe class=\"elementor-video-iframe\" allowfullscreen allow=\"clipboard-write\" title=\"Lecteur vid\u00e9o vimeo\" src=\"https:\/\/player.vimeo.com\/video\/849684768?color&amp;autopause=0&amp;loop=0&amp;muted=0&amp;title=1&amp;portrait=1&amp;byline=1#t=\"><\/iframe>\t\t<\/div>\n\t\t\t\t\t\t<\/div>\n\t\t\t\t<\/div>\n\t\t\t\t<div class=\"elementor-element elementor-element-2242697 elementor-widget-divider--view-line elementor-widget elementor-widget-divider\" data-id=\"2242697\" data-element_type=\"widget\" data-e-type=\"widget\" data-widget_type=\"divider.default\">\n\t\t\t\t<div class=\"elementor-widget-container\">\n\t\t\t\t\t\t\t<div class=\"elementor-divider\">\n\t\t\t<span class=\"elementor-divider-separator\">\n\t\t\t\t\t\t<\/span>\n\t\t<\/div>\n\t\t\t\t\t\t<\/div>\n\t\t\t\t<\/div>\n\t\t\t\t\t<\/div>\n\t\t\t\t<\/div>\n\t\t<div class=\"elementor-element elementor-element-6bf4ec4 e-flex e-con-boxed e-con e-parent\" data-id=\"6bf4ec4\" data-element_type=\"container\" data-e-type=\"container\">\n\t\t\t\t\t<div class=\"e-con-inner\">\n\t\t\t\t<div class=\"elementor-element elementor-element-dfa702b elementor-widget elementor-widget-text-editor\" data-id=\"dfa702b\" data-element_type=\"widget\" data-e-type=\"widget\" data-widget_type=\"text-editor.default\">\n\t\t\t\t<div class=\"elementor-widget-container\">\n\t\t\t\t\t\t\t\t\t<h4>Uwe Ommer<\/h4><blockquote><h4>&#8220;De mani\u00e8re g\u00e9n\u00e9rale, il y a trop de photos et trop de photographes\u00a0(&#8230;) Parce qu&#8217;aujourd&#8217;hui, c&#8217;est hallucinant ce que l&#8217;on peut voir comme photos tous les jours sur les \u00e9crans, c&#8217;est impossible ! On ne peut pas les dig\u00e9rer, c&#8217;est fou !&#8221;<\/h4><\/blockquote>\t\t\t\t\t\t\t\t<\/div>\n\t\t\t\t<\/div>\n\t\t\t\t\t<\/div>\n\t\t\t\t<\/div>\n\t\t<div class=\"elementor-element elementor-element-37183e1 e-flex e-con-boxed e-con e-parent\" data-id=\"37183e1\" data-element_type=\"container\" data-e-type=\"container\">\n\t\t\t\t\t<div class=\"e-con-inner\">\n\t\t\t\t<div class=\"elementor-element elementor-element-8827aa1 elementor-widget elementor-widget-spacer\" data-id=\"8827aa1\" data-element_type=\"widget\" data-e-type=\"widget\" data-widget_type=\"spacer.default\">\n\t\t\t\t<div class=\"elementor-widget-container\">\n\t\t\t\t\t\t\t<div class=\"elementor-spacer\">\n\t\t\t<div class=\"elementor-spacer-inner\"><\/div>\n\t\t<\/div>\n\t\t\t\t\t\t<\/div>\n\t\t\t\t<\/div>\n\t\t\t\t<div class=\"elementor-element elementor-element-5a2fc53 elementor-widget elementor-widget-text-editor\" data-id=\"5a2fc53\" data-element_type=\"widget\" data-e-type=\"widget\" data-widget_type=\"text-editor.default\">\n\t\t\t\t<div class=\"elementor-widget-container\">\n\t\t\t\t\t\t\t\t\t<p>Vous pensiez tout conna\u00eetre d\u2019Uwe Ommer, le c\u00e9l\u00e8bre Photographe de charme qui, le premier, rendit hommage \u00e0 la beaut\u00e9 des femmes africaines ?<\/p><p>Vous connaissiez ses photos de mode d\u00e9jant\u00e9es et inventives ainsi que ses calendriers \u00ab hot \u00bb dont le c\u00e9l\u00e9brissime Calendrier Pirelli de l\u2019ann\u00e9e 1984 ?<\/p><p>Uwe Ommer nous a accord\u00e9, en janvier 2019, une longue interview au cours de laquelle il retrace plus de 50 ans de carri\u00e8re et revient sur l&#8217;un de ses premiers travaux, ses portraits de la rue Mouffetard.<\/p><p>R\u00e9alis\u00e9e par \u00c9ric Dubois-Geoffroy pour le num\u00e9ro 10 du magazine OPENEYE, elle vous \u00e9claire sur une vie d\u00e9di\u00e9e avec brio \u00e0 la Photographie\u2026 vraiment un grand moment \u00e0 ne pas manquer !<\/p><p>A lire \u00e9galement sur le magazine, OPENEYE, le regard d\u2019aujourd\u2019hui sur la photographie<\/p><p>https:\/\/www.openeye.fr\/lire-le-magazine\/<\/p><p>OPENEYE \u00e0 suivre sur\u00a0Facebook <a href=\"https:\/\/www.facebook.com\/OPENeye99\/\" target=\"_blank\" rel=\"noopener\">https:\/\/www.facebook.com\/OPENeye99\/<\/a><\/p>\t\t\t\t\t\t\t\t<\/div>\n\t\t\t\t<\/div>\n\t\t\t\t<div class=\"elementor-element elementor-element-04e2849 elementor-widget elementor-widget-text-editor\" data-id=\"04e2849\" data-element_type=\"widget\" data-e-type=\"widget\" data-widget_type=\"text-editor.default\">\n\t\t\t\t<div class=\"elementor-widget-container\">\n\t\t\t\t\t\t\t\t\t<p>Interview<br \/>Captation vid\u00e9o 4K<br \/>Montage DaVinci Resolve<br \/>Eric Dubois-Geoffroy<\/p><p>Musique<br \/>Azhrak<br \/>Below The Artic Ocean<br \/>2008<\/p><p>Merci au restaurant Le Ziryab, Institut du Monde Arabe \u00e0 Paris, pour son autorisation de tournage.\u00a0<\/p><p>Cr\u00e9dit photos : Uwe Ommer<\/p><p>R\u00e9alisation IMAGES ON TOURNE<br \/>en partenariat avec<br \/>OPENEYE<br \/>https:\/\/openeyelemagazine.fr\/<br \/>Janvier 2019<\/p>\t\t\t\t\t\t\t\t<\/div>\n\t\t\t\t<\/div>\n\t\t\t\t\t<\/div>\n\t\t\t\t<\/div>\n\t\t<div class=\"elementor-element elementor-element-5e910f3 e-flex e-con-boxed e-con e-parent\" data-id=\"5e910f3\" data-element_type=\"container\" data-e-type=\"container\">\n\t\t\t\t\t<div class=\"e-con-inner\">\n\t\t\t\t\t<\/div>\n\t\t\t\t<\/div>\n\t\t<div class=\"elementor-element elementor-element-5e80500 e-flex e-con-boxed e-con e-parent\" data-id=\"5e80500\" data-element_type=\"container\" data-e-type=\"container\">\n\t\t\t\t\t<div class=\"e-con-inner\">\n\t\t\t\t<div class=\"elementor-element elementor-element-7e98d72 elementor--star-style-star_fontawesome elementor-widget elementor-widget-star-rating\" data-id=\"7e98d72\" data-element_type=\"widget\" data-e-type=\"widget\" data-widget_type=\"star-rating.default\">\n\t\t\t\t<div class=\"elementor-widget-container\">\n\t\t\t\t\t\t\t<div class=\"elementor-star-rating__wrapper\">\n\t\t\t\t\t\t\t<div class=\"elementor-star-rating__title\">Vous avez appr\u00e9ci\u00e9 la vid\u00e9o ? <\/div>\n\t\t\t\t\t\t<div class=\"elementor-star-rating\" itemtype=\"http:\/\/schema.org\/Rating\" itemscope=\"\" itemprop=\"reviewRating\">\n\t\t\t\t<i class=\"elementor-star-full\" aria-hidden=\"true\">&#xE934;<\/i><i class=\"elementor-star-full\" aria-hidden=\"true\">&#xE934;<\/i><i class=\"elementor-star-full\" aria-hidden=\"true\">&#xE934;<\/i><i class=\"elementor-star-full\" aria-hidden=\"true\">&#xE934;<\/i><i class=\"elementor-star-full\" aria-hidden=\"true\">&#xE934;<\/i>\t\t\t\t<span itemprop=\"ratingValue\" class=\"elementor-screen-only\">Not\u00e9 5 sur 5<\/span>\n\t\t\t<\/div>\n\t\t<\/div>\n\t\t\t\t\t\t<\/div>\n\t\t\t\t<\/div>\n\t\t\t\t\t<\/div>\n\t\t\t\t<\/div>\n\t\t\t\t<\/div>\n\t\t","protected":false},"excerpt":{"rendered":"<p>&#8220;De mani\u00e8re g\u00e9n\u00e9rale, il y a trop de photos et trop de photographes\u00a0(&#8230;) Parce qu&#8217;aujourd&#8217;hui, c&#8217;est hallucinant ce que l&#8217;on peut voir comme photos tous les jours sur les \u00e9crans, c&#8217;est impossible ! On ne peut pas les dig\u00e9rer, c&#8217;est fou !&#8221; Uwe Ommer.<\/p>\n","protected":false},"author":1,"featured_media":133,"comment_status":"open","ping_status":"open","sticky":false,"template":"elementor_header_footer","format":"standard","meta":{"_acf_changed":false,"om_disable_all_campaigns":false,"_monsterinsights_skip_tracking":false,"_monsterinsights_sitenote_active":false,"_monsterinsights_sitenote_note":"","_monsterinsights_sitenote_category":0,"_uf_show_specific_survey":0,"_uf_disable_surveys":false,"footnotes":""},"categories":[34],"tags":[],"class_list":["post-130","post","type-post","status-publish","format-standard","has-post-thumbnail","hentry","category-long-metrage"],"acf":[],"aioseo_notices":[],"_links":{"self":[{"href":"https:\/\/imagesontourne.com\/index.php\/wp-json\/wp\/v2\/posts\/130","targetHints":{"allow":["GET"]}}],"collection":[{"href":"https:\/\/imagesontourne.com\/index.php\/wp-json\/wp\/v2\/posts"}],"about":[{"href":"https:\/\/imagesontourne.com\/index.php\/wp-json\/wp\/v2\/types\/post"}],"author":[{"embeddable":true,"href":"https:\/\/imagesontourne.com\/index.php\/wp-json\/wp\/v2\/users\/1"}],"replies":[{"embeddable":true,"href":"https:\/\/imagesontourne.com\/index.php\/wp-json\/wp\/v2\/comments?post=130"}],"version-history":[{"count":13,"href":"https:\/\/imagesontourne.com\/index.php\/wp-json\/wp\/v2\/posts\/130\/revisions"}],"predecessor-version":[{"id":280,"href":"https:\/\/imagesontourne.com\/index.php\/wp-json\/wp\/v2\/posts\/130\/revisions\/280"}],"wp:featuredmedia":[{"embeddable":true,"href":"https:\/\/imagesontourne.com\/index.php\/wp-json\/wp\/v2\/media\/133"}],"wp:attachment":[{"href":"https:\/\/imagesontourne.com\/index.php\/wp-json\/wp\/v2\/media?parent=130"}],"wp:term":[{"taxonomy":"category","embeddable":true,"href":"https:\/\/imagesontourne.com\/index.php\/wp-json\/wp\/v2\/categories?post=130"},{"taxonomy":"post_tag","embeddable":true,"href":"https:\/\/imagesontourne.com\/index.php\/wp-json\/wp\/v2\/tags?post=130"}],"curies":[{"name":"wp","href":"https:\/\/api.w.org\/{rel}","templated":true}]}}