{"id":192,"date":"2019-05-15T18:32:04","date_gmt":"2019-05-15T16:32:04","guid":{"rendered":"https:\/\/imagesontourne.com\/?p=192"},"modified":"2023-08-16T23:48:21","modified_gmt":"2023-08-16T21:48:21","slug":"uwe-ommer-photographe-2","status":"publish","type":"post","link":"https:\/\/imagesontourne.com\/index.php\/2019\/05\/15\/uwe-ommer-photographe-2\/","title":{"rendered":"Isabeau de Rouffignac, des saris pour m\u00e9moire"},"content":{"rendered":"\t\t<div data-elementor-type=\"wp-post\" data-elementor-id=\"192\" class=\"elementor elementor-192\">\n\t\t\t\t<div class=\"elementor-element elementor-element-6ddfadb e-flex e-con-boxed e-con e-parent\" data-id=\"6ddfadb\" data-element_type=\"container\" data-e-type=\"container\">\n\t\t\t\t\t<div class=\"e-con-inner\">\n\t\t\t\t<div class=\"elementor-element elementor-element-3d6d48a elementor-widget elementor-widget-heading\" data-id=\"3d6d48a\" data-element_type=\"widget\" data-e-type=\"widget\" data-widget_type=\"heading.default\">\n\t\t\t\t<div class=\"elementor-widget-container\">\n\t\t\t\t\t<h2 class=\"elementor-heading-title elementor-size-default\">Isabeau de Rouffignac, des saris pour m\u00e9moire<\/h2>\t\t\t\t<\/div>\n\t\t\t\t<\/div>\n\t\t\t\t\t<\/div>\n\t\t\t\t<\/div>\n\t\t<div class=\"elementor-element elementor-element-fdc5f57 e-flex e-con-boxed e-con e-parent\" data-id=\"fdc5f57\" data-element_type=\"container\" data-e-type=\"container\">\n\t\t\t\t\t<div class=\"e-con-inner\">\n\t\t\t\t<div class=\"elementor-element elementor-element-27a4963 elementor-widget elementor-widget-video\" data-id=\"27a4963\" data-element_type=\"widget\" data-e-type=\"widget\" data-settings=\"{&quot;video_type&quot;:&quot;vimeo&quot;}\" data-widget_type=\"video.default\">\n\t\t\t\t<div class=\"elementor-widget-container\">\n\t\t\t\t\t\t\t<div class=\"elementor-wrapper elementor-open-inline\">\n\t\t\t<iframe class=\"elementor-video-iframe\" allowfullscreen allow=\"clipboard-write\" title=\"Lecteur vid\u00e9o vimeo\" src=\"https:\/\/player.vimeo.com\/video\/851773760?color&amp;autopause=0&amp;loop=0&amp;muted=0&amp;title=1&amp;portrait=1&amp;byline=1#t=\"><\/iframe>\t\t<\/div>\n\t\t\t\t\t\t<\/div>\n\t\t\t\t<\/div>\n\t\t\t\t<div class=\"elementor-element elementor-element-2242697 elementor-widget-divider--view-line elementor-widget elementor-widget-divider\" data-id=\"2242697\" data-element_type=\"widget\" data-e-type=\"widget\" data-widget_type=\"divider.default\">\n\t\t\t\t<div class=\"elementor-widget-container\">\n\t\t\t\t\t\t\t<div class=\"elementor-divider\">\n\t\t\t<span class=\"elementor-divider-separator\">\n\t\t\t\t\t\t<\/span>\n\t\t<\/div>\n\t\t\t\t\t\t<\/div>\n\t\t\t\t<\/div>\n\t\t\t\t\t<\/div>\n\t\t\t\t<\/div>\n\t\t<div class=\"elementor-element elementor-element-6bf4ec4 e-flex e-con-boxed e-con e-parent\" data-id=\"6bf4ec4\" data-element_type=\"container\" data-e-type=\"container\">\n\t\t\t\t\t<div class=\"e-con-inner\">\n\t\t\t\t<div class=\"elementor-element elementor-element-dfa702b elementor-widget elementor-widget-text-editor\" data-id=\"dfa702b\" data-element_type=\"widget\" data-e-type=\"widget\" data-widget_type=\"text-editor.default\">\n\t\t\t\t<div class=\"elementor-widget-container\">\n\t\t\t\t\t\t\t\t\t<h4>Isabeau de Rouffignac<\/h4><blockquote><h4>&#8220;Elles ont accept\u00e9 mon id\u00e9e, que Bhopal leur colle encore un peu plus \u00e0 la peau : les faire poser dans ces saris que j&#8217;ai cr\u00e9\u00e9s, imprim\u00e9s racontant cette nuit de d\u00e9cembre 1984. Elles les ont d\u00e9pli\u00e9s, s&#8217;en sont drap\u00e9 et m&#8217;ont regard\u00e9e ou ont pr\u00e9f\u00e9r\u00e9 m&#8217;offrir leur dos, juste leur silhouette comme une image fig\u00e9e. Inlassables combattantes, elles r\u00e9clament r\u00e9paration pour les 3 500 morts directs et les 200 000 malades qui se sont ajout\u00e9s au fil des ann\u00e9es.&#8221;<\/h4><\/blockquote>\t\t\t\t\t\t\t\t<\/div>\n\t\t\t\t<\/div>\n\t\t\t\t\t<\/div>\n\t\t\t\t<\/div>\n\t\t<div class=\"elementor-element elementor-element-37183e1 e-flex e-con-boxed e-con e-parent\" data-id=\"37183e1\" data-element_type=\"container\" data-e-type=\"container\">\n\t\t\t\t\t<div class=\"e-con-inner\">\n\t\t\t\t<div class=\"elementor-element elementor-element-8827aa1 elementor-widget elementor-widget-spacer\" data-id=\"8827aa1\" data-element_type=\"widget\" data-e-type=\"widget\" data-widget_type=\"spacer.default\">\n\t\t\t\t<div class=\"elementor-widget-container\">\n\t\t\t\t\t\t\t<div class=\"elementor-spacer\">\n\t\t\t<div class=\"elementor-spacer-inner\"><\/div>\n\t\t<\/div>\n\t\t\t\t\t\t<\/div>\n\t\t\t\t<\/div>\n\t\t\t\t<div class=\"elementor-element elementor-element-5a2fc53 elementor-widget elementor-widget-text-editor\" data-id=\"5a2fc53\" data-element_type=\"widget\" data-e-type=\"widget\" data-widget_type=\"text-editor.default\">\n\t\t\t\t<div class=\"elementor-widget-container\">\n\t\t\t\t\t\t\t\t\t<p>Nous avons rencontr\u00e9 Isabeau de Rouffignac lors du vernissage en mai 2019 de son exposition &#8220;des saris pour m\u00e9moire&#8221; \u00e0 la Galerie Fait &amp; Cause \u00e0 Paris.<\/p><p>Isabeau de Rouffignac revient 35 ans apr\u00e8s la catastrophe de 1984 \u00e0 Bhopal en Inde, \u00e0 la rencontre des femmes victimes de cette pollution dramatique.<\/p><p>&#8220;Elles ont accept\u00e9 mon id\u00e9e, que Bhopal leur colle encore un peu plus \u00e0 la peau : les faire poser dans ces saris que j&#8217;ai cr\u00e9\u00e9s, imprim\u00e9s racontant cette nuit de d\u00e9cembre 1984. Elles les ont d\u00e9pli\u00e9s, s&#8217;en sont drap\u00e9 et m&#8217;ont regard\u00e9e ou ont pr\u00e9f\u00e9r\u00e9 m&#8217;offrir leur dos, juste leur silhouette comme une image fig\u00e9e. Inlassables combattantes, elles r\u00e9clament r\u00e9paration pour les 3 500 morts directs et les 200 000 malades qui se sont ajout\u00e9s au fil des ann\u00e9es. Elles souffrent mais n&#8217;en disent pas grand-chose. L&#8217;empreinte du temps, la peau qui part en lambeaux, le souffle court, les yeux qui s&#8217;\u00e9puisent, leur dignit\u00e9 me bouleverse. J&#8217;ai photographi\u00e9 la ville, l&#8217;int\u00e9rieur des maisons o\u00f9 la vie continue, les cliniques o\u00f9 l&#8217;on tente de r\u00e9parer ce qui peut l&#8217;\u00eatre, j&#8217;ai entendu des cris de col\u00e8re et des silences r\u00e9sign\u00e9s.&#8221;<\/p><p>Isabeau de Rouffignac.<\/p><p><a title=\"www.isabeauderouffignac.com\" href=\"www.isabeauderouffignac.com\" target=\"_blank\" rel=\"noopener\">www.isabeauderouffignac.com<\/a><\/p><p>Sa s\u00e9rie photographique a \u00e9t\u00e9 expos\u00e9e \u00e0 la Galerie Fait &amp; Cause de mai \u00e0 juillet 2019.<\/p><p>Elle a \u00e9galement \u00e9t\u00e9 expos\u00e9e au festival Ph\u00e9mina 2020 \u00e0 Fontainebleau.<\/p><p>Nos remerciements \u00e0 Isabeau de Rouffignac et \u00e0 la Galerie Fait &amp; Cause.<\/p><p>Interview<br \/>Captation vid\u00e9o<br \/>Montage<br \/>Eric Dubois-Geoffroy<\/p><p>Musique<br \/>Azhrak<br \/>Below The Artic Ocean<br \/>2008<\/p><p>Slow Joe &amp; The Ginger Accident<br \/>Titre &#8220;Ab Khan Javen Hum&#8221;<br \/>Album &#8220;Sunny Side Up&#8221;<br \/>2011<\/p><p>Nos remerciements \u00e0<br \/>Isabeau de Rouffignac<br \/>photographe<\/p><p>Galerie Fait &amp; Cause &amp; l&#8217;association Pour Que l&#8217;Esprit Vive<\/p><p>Cr\u00e9dit photos<br \/>Isabeau de Rouffignac<\/p><p>R\u00e9alisation IMAGES ON TOURNE<br \/>en partenariat avec<br \/>OPENEYE<\/p><p>15 mai 2019<\/p>\t\t\t\t\t\t\t\t<\/div>\n\t\t\t\t<\/div>\n\t\t\t\t\t<\/div>\n\t\t\t\t<\/div>\n\t\t<div class=\"elementor-element elementor-element-6881a37 e-flex e-con-boxed e-con e-parent\" data-id=\"6881a37\" data-element_type=\"container\" data-e-type=\"container\">\n\t\t\t\t\t<div class=\"e-con-inner\">\n\t\t\t\t<div class=\"elementor-element elementor-element-414d019 elementor--star-style-star_fontawesome elementor-widget elementor-widget-star-rating\" data-id=\"414d019\" data-element_type=\"widget\" data-e-type=\"widget\" data-widget_type=\"star-rating.default\">\n\t\t\t\t<div class=\"elementor-widget-container\">\n\t\t\t\t\t\t\t<div class=\"elementor-star-rating__wrapper\">\n\t\t\t\t\t\t\t<div class=\"elementor-star-rating__title\">Vous avez appr\u00e9ci\u00e9 la vid\u00e9o ? <\/div>\n\t\t\t\t\t\t<div class=\"elementor-star-rating\" itemtype=\"http:\/\/schema.org\/Rating\" itemscope=\"\" itemprop=\"reviewRating\">\n\t\t\t\t<i class=\"elementor-star-full\" aria-hidden=\"true\">&#xE934;<\/i><i class=\"elementor-star-full\" aria-hidden=\"true\">&#xE934;<\/i><i class=\"elementor-star-full\" aria-hidden=\"true\">&#xE934;<\/i><i class=\"elementor-star-full\" aria-hidden=\"true\">&#xE934;<\/i><i class=\"elementor-star-full\" aria-hidden=\"true\">&#xE934;<\/i>\t\t\t\t<span itemprop=\"ratingValue\" class=\"elementor-screen-only\">Not\u00e9 5 sur 5<\/span>\n\t\t\t<\/div>\n\t\t<\/div>\n\t\t\t\t\t\t<\/div>\n\t\t\t\t<\/div>\n\t\t\t\t\t<\/div>\n\t\t\t\t<\/div>\n\t\t\t\t<\/div>\n\t\t","protected":false},"excerpt":{"rendered":"<p>&#8220;Elles ont accept\u00e9 mon id\u00e9e, que Bhopal leur colle encore un peu plus \u00e0 la peau : les faire poser dans ces saris que j&#8217;ai cr\u00e9\u00e9s, imprim\u00e9s racontant cette nuit de d\u00e9cembre 1984. Elles les ont d\u00e9pli\u00e9s, s&#8217;en sont drap\u00e9 et m&#8217;ont regard\u00e9e ou ont pr\u00e9f\u00e9r\u00e9 m&#8217;offrir leur dos, juste leur silhouette comme une image fig\u00e9e.&#8221;<\/p>\n","protected":false},"author":1,"featured_media":197,"comment_status":"open","ping_status":"open","sticky":false,"template":"elementor_header_footer","format":"standard","meta":{"_acf_changed":false,"om_disable_all_campaigns":false,"_monsterinsights_skip_tracking":false,"_monsterinsights_sitenote_active":false,"_monsterinsights_sitenote_note":"","_monsterinsights_sitenote_category":0,"_uf_show_specific_survey":0,"_uf_disable_surveys":false,"footnotes":""},"categories":[34],"tags":[],"class_list":["post-192","post","type-post","status-publish","format-standard","has-post-thumbnail","hentry","category-long-metrage"],"acf":[],"aioseo_notices":[],"_links":{"self":[{"href":"https:\/\/imagesontourne.com\/index.php\/wp-json\/wp\/v2\/posts\/192","targetHints":{"allow":["GET"]}}],"collection":[{"href":"https:\/\/imagesontourne.com\/index.php\/wp-json\/wp\/v2\/posts"}],"about":[{"href":"https:\/\/imagesontourne.com\/index.php\/wp-json\/wp\/v2\/types\/post"}],"author":[{"embeddable":true,"href":"https:\/\/imagesontourne.com\/index.php\/wp-json\/wp\/v2\/users\/1"}],"replies":[{"embeddable":true,"href":"https:\/\/imagesontourne.com\/index.php\/wp-json\/wp\/v2\/comments?post=192"}],"version-history":[{"count":26,"href":"https:\/\/imagesontourne.com\/index.php\/wp-json\/wp\/v2\/posts\/192\/revisions"}],"predecessor-version":[{"id":438,"href":"https:\/\/imagesontourne.com\/index.php\/wp-json\/wp\/v2\/posts\/192\/revisions\/438"}],"wp:featuredmedia":[{"embeddable":true,"href":"https:\/\/imagesontourne.com\/index.php\/wp-json\/wp\/v2\/media\/197"}],"wp:attachment":[{"href":"https:\/\/imagesontourne.com\/index.php\/wp-json\/wp\/v2\/media?parent=192"}],"wp:term":[{"taxonomy":"category","embeddable":true,"href":"https:\/\/imagesontourne.com\/index.php\/wp-json\/wp\/v2\/categories?post=192"},{"taxonomy":"post_tag","embeddable":true,"href":"https:\/\/imagesontourne.com\/index.php\/wp-json\/wp\/v2\/tags?post=192"}],"curies":[{"name":"wp","href":"https:\/\/api.w.org\/{rel}","templated":true}]}}