{"id":414,"date":"2019-04-17T12:10:00","date_gmt":"2019-04-17T10:10:00","guid":{"rendered":"https:\/\/imagesontourne.com\/?p=414"},"modified":"2023-08-12T12:28:25","modified_gmt":"2023-08-12T10:28:25","slug":"a-la-rencontre-du-collectif-1-61-les-jeunes-historiens-de-lart","status":"publish","type":"post","link":"https:\/\/imagesontourne.com\/index.php\/2019\/04\/17\/a-la-rencontre-du-collectif-1-61-les-jeunes-historiens-de-lart\/","title":{"rendered":"A la rencontre du collectif \u00ab 1  61, les jeunes historiens de l\u2019art \u00bb"},"content":{"rendered":"\t\t<div data-elementor-type=\"wp-post\" data-elementor-id=\"414\" class=\"elementor elementor-414\">\n\t\t\t\t<div class=\"elementor-element elementor-element-6ddfadb e-flex e-con-boxed e-con e-parent\" data-id=\"6ddfadb\" data-element_type=\"container\" data-e-type=\"container\">\n\t\t\t\t\t<div class=\"e-con-inner\">\n\t\t\t\t<div class=\"elementor-element elementor-element-3d6d48a elementor-widget elementor-widget-heading\" data-id=\"3d6d48a\" data-element_type=\"widget\" data-e-type=\"widget\" data-widget_type=\"heading.default\">\n\t\t\t\t<div class=\"elementor-widget-container\">\n\t\t\t\t\t<h2 class=\"elementor-heading-title elementor-size-default\">A la rencontre du collectif \u00ab 1  61, les jeunes historiens de l\u2019art \u00bb<\/h2>\t\t\t\t<\/div>\n\t\t\t\t<\/div>\n\t\t\t\t\t<\/div>\n\t\t\t\t<\/div>\n\t\t<div class=\"elementor-element elementor-element-fdc5f57 e-flex e-con-boxed e-con e-parent\" data-id=\"fdc5f57\" data-element_type=\"container\" data-e-type=\"container\">\n\t\t\t\t\t<div class=\"e-con-inner\">\n\t\t\t\t<div class=\"elementor-element elementor-element-27a4963 elementor-widget elementor-widget-video\" data-id=\"27a4963\" data-element_type=\"widget\" data-e-type=\"widget\" data-settings=\"{&quot;video_type&quot;:&quot;vimeo&quot;}\" data-widget_type=\"video.default\">\n\t\t\t\t<div class=\"elementor-widget-container\">\n\t\t\t\t\t\t\t<div class=\"elementor-wrapper elementor-open-inline\">\n\t\t\t<iframe class=\"elementor-video-iframe\" allowfullscreen allow=\"clipboard-write\" title=\"Lecteur vid\u00e9o vimeo\" src=\"https:\/\/player.vimeo.com\/video\/853935899?color&amp;autopause=0&amp;loop=0&amp;muted=0&amp;title=1&amp;portrait=1&amp;byline=1#t=\"><\/iframe>\t\t<\/div>\n\t\t\t\t\t\t<\/div>\n\t\t\t\t<\/div>\n\t\t\t\t<div class=\"elementor-element elementor-element-2242697 elementor-widget-divider--view-line elementor-widget elementor-widget-divider\" data-id=\"2242697\" data-element_type=\"widget\" data-e-type=\"widget\" data-widget_type=\"divider.default\">\n\t\t\t\t<div class=\"elementor-widget-container\">\n\t\t\t\t\t\t\t<div class=\"elementor-divider\">\n\t\t\t<span class=\"elementor-divider-separator\">\n\t\t\t\t\t\t<\/span>\n\t\t<\/div>\n\t\t\t\t\t\t<\/div>\n\t\t\t\t<\/div>\n\t\t\t\t\t<\/div>\n\t\t\t\t<\/div>\n\t\t<div class=\"elementor-element elementor-element-6bf4ec4 e-flex e-con-boxed e-con e-parent\" data-id=\"6bf4ec4\" data-element_type=\"container\" data-e-type=\"container\">\n\t\t\t\t\t<div class=\"e-con-inner\">\n\t\t\t\t<div class=\"elementor-element elementor-element-dfa702b elementor-widget elementor-widget-text-editor\" data-id=\"dfa702b\" data-element_type=\"widget\" data-e-type=\"widget\" data-widget_type=\"text-editor.default\">\n\t\t\t\t<div class=\"elementor-widget-container\">\n\t\t\t\t\t\t\t\t\t<h4>Sophie Bernal<\/h4><blockquote><h4>&#8220;L\u2019id\u00e9e de cette exposition, c\u2019est de revendiquer finalement cette n\u00e9cessit\u00e9 d&#8217;avoir l&#8217;\u0153uvre sous les yeux pour comprendre ce qu&#8217;elle cherche \u00e0 r\u00e9v\u00e9ler au spectateur.&#8221;<\/h4><\/blockquote>\t\t\t\t\t\t\t\t<\/div>\n\t\t\t\t<\/div>\n\t\t\t\t\t<\/div>\n\t\t\t\t<\/div>\n\t\t<div class=\"elementor-element elementor-element-37183e1 e-flex e-con-boxed e-con e-parent\" data-id=\"37183e1\" data-element_type=\"container\" data-e-type=\"container\">\n\t\t\t\t\t<div class=\"e-con-inner\">\n\t\t\t\t<div class=\"elementor-element elementor-element-8827aa1 elementor-widget elementor-widget-spacer\" data-id=\"8827aa1\" data-element_type=\"widget\" data-e-type=\"widget\" data-widget_type=\"spacer.default\">\n\t\t\t\t<div class=\"elementor-widget-container\">\n\t\t\t\t\t\t\t<div class=\"elementor-spacer\">\n\t\t\t<div class=\"elementor-spacer-inner\"><\/div>\n\t\t<\/div>\n\t\t\t\t\t\t<\/div>\n\t\t\t\t<\/div>\n\t\t\t\t<div class=\"elementor-element elementor-element-5a2fc53 elementor-widget elementor-widget-text-editor\" data-id=\"5a2fc53\" data-element_type=\"widget\" data-e-type=\"widget\" data-widget_type=\"text-editor.default\">\n\t\t\t\t<div class=\"elementor-widget-container\">\n\t\t\t\t\t\t\t\t\t<p>Les membres du collectif \u00ab 1 : 61, les jeunes historiens de l\u2019art \u00bb ont accord\u00e9 \u00e0 OPENEYE, malgr\u00e9 le stress d\u00fb au vernissage de leur premi\u00e8re exposition &#8220;Qu&#8217;est-ce que tu regardes&#8221;, une longue interview.<\/p>\n<p>Un format long pour cette rencontre, en r\u00e9ponse \u00e0 l\u2019objectif du collectif, inscrit dans son nom \u00ab 1 :61 \u00bb, \u00e0 prononcer \u00ab une heure et soixante une minutes \u00bb : accorder du temps \u00e0 la d\u00e9couverte de photographies.<\/p>\n<p>Dans une tradition historienne ancienne, qui d\u00e9fend le primat de l\u2019\u0153uvre et la n\u00e9cessit\u00e9 de se trouver face aux \u0153uvres, le collectif \u00ab 1 : 61, les jeunes historiens de l\u2019art\u00bb nous offrent 4 jours pour les observer longuement, pour s\u2019attarder v\u00e9ritablement sur ces objets visuels.<\/p>\n<p>Cette exposition r\u00e9unit cinq photographes : Elsa &amp; Johanna, Guillaume Martial, Paul Rousteau, Billie Thomassin et Suzanne Mothes.<\/p>\n<p>Les cinq artistes ont ceci en commun qu\u2019ils donnent \u00e0 voir un monde d\u2019artifices, brouillant les fronti\u00e8res entre r\u00e9alit\u00e9s, mati\u00e8res et \u00e9poques. Au sein de ces mirages, tout devient objet, augurant une porosit\u00e9 entre le vivant et l\u2019inanim\u00e9.<\/p>\n<p>Merci \u00e0 Sophie Bernal, L\u00e9ia Fouquet, Sarah Nasla et Margot Rouas de s\u2019\u00eatre pr\u00eat\u00e9e au jeu des questions &#8211; r\u00e9ponses.<\/p>\n<p>Merci \u00e9galement aux photographes, Elsa &amp; Johanna, Paul Rousteau et Guillaume Martial pour ce temps consacr\u00e9 \u00e0 la d\u00e9couverte de leurs d\u00e9marches et de leurs \u0153uvres, pour avoir r\u00e9pondu longuement \u00e0 nos interrogations.&nbsp;<\/p>\n<p>A retrouver dans le num\u00e9ro 11 d\u2019OPENEYE, le regard d\u2019aujourd\u2019hui sur la photographie, dans la rubrique \u00ab Les carnets d\u2019OPENEYE \u00bb <a href=\"https:\/\/fr.calameo.com\/read\/00514340557b43f8fcc9e\" target=\"_blank\" rel=\"noopener\">https:\/\/fr.calameo.com\/read\/00514340557b43f8fcc9e<\/a><\/p>\n<p>Exposition \u00e0 l\u2019espace BEAUREPAIRE, 28 Rue Beaurepaire, 10\u00e8me, Paris du 17 au 20 avril.<\/p>\n<p>ABONNEZ-VOUS au web magazine OPENEYE.FR, c&#8217;est gratuit &#8211; <a href=\"https:\/\/www.openeye.fr\/contact\/\" target=\"_blank\" rel=\"noopener\">https:\/\/www.openeye.fr\/contact\/<\/a><\/p>\n<p>Pour en savoir plus :<\/p>\n<p>Le Collectif 1 :61 : <a href=\"http:\/\/uneheuresoixanteetune.com\/fr\/le-collectif-1-61\/\" target=\"_blank\" rel=\"noopener\">http:\/\/uneheuresoixanteetune.com\/fr\/le-collectif-1-61\/<\/a><\/p>\n<p>Suzanne Mothes : <a href=\"http:\/\/www.suzannemothes.com\/\" target=\"_blank\" rel=\"noopener\">http:\/\/www.suzannemothes.com\/<\/a><\/p>\n<p>Billie Thomassin : <a href=\"http:\/\/www.billiethomassin.com\/\" target=\"_blank\" rel=\"noopener\">http:\/\/www.billiethomassin.com\/<\/a><\/p>\n<p>Paul Rousteau : <a href=\"https:\/\/www.paulrousteau.com\/\" target=\"_blank\" rel=\"noopener\">https:\/\/www.paulrousteau.com\/<\/a><\/p>\n<p>Guillaume Martial : <a href=\"http:\/\/www.guillaumemartial.fr\/\" target=\"_blank\" rel=\"noopener\">http:\/\/www.guillaumemartial.fr\/<\/a><\/p>\n<p>Elsa &amp; Johanna : <a href=\"https:\/\/www.elsa-and-johanna.com\/\" target=\"_blank\" rel=\"noopener\">https:\/\/www.elsa-and-johanna.com\/<\/a><\/p>\n<p><a href=\"https:\/\/www.pantheonsorbonne.fr\/ufr\/ufr03\/formations\/masters\/histoire-de-lart\/master-2-histoire-de-lart\/\" target=\"_blank\" rel=\"noopener\">https:\/\/www.pantheonsorbonne.fr\/ufr\/ufr03\/formations\/masters\/histoire-de-lart\/master-2-histoire-de-lart\/<\/a><\/p>\n<p>Interview, captation et montage vid\u00e9o : Eric Dubois-Geoffroy, IMAGES ON TOURNE<\/p>\n<p>Avril 2019<\/p>\t\t\t\t\t\t\t\t<\/div>\n\t\t\t\t<\/div>\n\t\t\t\t\t<\/div>\n\t\t\t\t<\/div>\n\t\t<div class=\"elementor-element elementor-element-b4250de e-flex e-con-boxed e-con e-parent\" data-id=\"b4250de\" data-element_type=\"container\" data-e-type=\"container\">\n\t\t\t\t\t<div class=\"e-con-inner\">\n\t\t\t\t<div class=\"elementor-element elementor-element-6beb334 elementor--star-style-star_fontawesome elementor-widget elementor-widget-star-rating\" data-id=\"6beb334\" data-element_type=\"widget\" data-e-type=\"widget\" data-widget_type=\"star-rating.default\">\n\t\t\t\t<div class=\"elementor-widget-container\">\n\t\t\t\t\t\t\t<div class=\"elementor-star-rating__wrapper\">\n\t\t\t\t\t\t\t<div class=\"elementor-star-rating__title\">Vous avez appr\u00e9ci\u00e9 la vid\u00e9o ? <\/div>\n\t\t\t\t\t\t<div class=\"elementor-star-rating\" itemtype=\"http:\/\/schema.org\/Rating\" itemscope=\"\" itemprop=\"reviewRating\">\n\t\t\t\t<i class=\"elementor-star-full\" aria-hidden=\"true\">&#xE934;<\/i><i class=\"elementor-star-full\" aria-hidden=\"true\">&#xE934;<\/i><i class=\"elementor-star-full\" aria-hidden=\"true\">&#xE934;<\/i><i class=\"elementor-star-full\" aria-hidden=\"true\">&#xE934;<\/i><i class=\"elementor-star-full\" aria-hidden=\"true\">&#xE934;<\/i>\t\t\t\t<span itemprop=\"ratingValue\" class=\"elementor-screen-only\">Not\u00e9 5 sur 5<\/span>\n\t\t\t<\/div>\n\t\t<\/div>\n\t\t\t\t\t\t<\/div>\n\t\t\t\t<\/div>\n\t\t\t\t\t<\/div>\n\t\t\t\t<\/div>\n\t\t<div class=\"elementor-element elementor-element-d0e1c56 e-flex e-con-boxed e-con e-parent\" data-id=\"d0e1c56\" data-element_type=\"container\" data-e-type=\"container\">\n\t\t\t\t\t<div class=\"e-con-inner\">\n\t\t\t\t\t<\/div>\n\t\t\t\t<\/div>\n\t\t\t\t<\/div>\n\t\t","protected":false},"excerpt":{"rendered":"<p>A la rencontre du collectif \u00ab 1 61, les jeunes historiens de l\u2019art \u00bb Sophie Bernal &#8220;L\u2019id\u00e9e de cette exposition, c\u2019est de revendiquer finalement cette n\u00e9cessit\u00e9 d&#8217;avoir l&#8217;\u0153uvre sous les yeux pour comprendre ce qu&#8217;elle cherche \u00e0 r\u00e9v\u00e9ler au spectateur.&#8221; Les membres du collectif \u00ab 1 : 61, les jeunes historiens de l\u2019art \u00bb ont [&hellip;]<\/p>\n","protected":false},"author":1,"featured_media":416,"comment_status":"open","ping_status":"open","sticky":false,"template":"elementor_header_footer","format":"standard","meta":{"_acf_changed":false,"om_disable_all_campaigns":false,"_monsterinsights_skip_tracking":false,"_monsterinsights_sitenote_active":false,"_monsterinsights_sitenote_note":"","_monsterinsights_sitenote_category":0,"_uf_show_specific_survey":0,"_uf_disable_surveys":false,"footnotes":""},"categories":[34],"tags":[],"class_list":["post-414","post","type-post","status-publish","format-standard","has-post-thumbnail","hentry","category-long-metrage"],"acf":[],"aioseo_notices":[],"_links":{"self":[{"href":"https:\/\/imagesontourne.com\/index.php\/wp-json\/wp\/v2\/posts\/414","targetHints":{"allow":["GET"]}}],"collection":[{"href":"https:\/\/imagesontourne.com\/index.php\/wp-json\/wp\/v2\/posts"}],"about":[{"href":"https:\/\/imagesontourne.com\/index.php\/wp-json\/wp\/v2\/types\/post"}],"author":[{"embeddable":true,"href":"https:\/\/imagesontourne.com\/index.php\/wp-json\/wp\/v2\/users\/1"}],"replies":[{"embeddable":true,"href":"https:\/\/imagesontourne.com\/index.php\/wp-json\/wp\/v2\/comments?post=414"}],"version-history":[{"count":16,"href":"https:\/\/imagesontourne.com\/index.php\/wp-json\/wp\/v2\/posts\/414\/revisions"}],"predecessor-version":[{"id":433,"href":"https:\/\/imagesontourne.com\/index.php\/wp-json\/wp\/v2\/posts\/414\/revisions\/433"}],"wp:featuredmedia":[{"embeddable":true,"href":"https:\/\/imagesontourne.com\/index.php\/wp-json\/wp\/v2\/media\/416"}],"wp:attachment":[{"href":"https:\/\/imagesontourne.com\/index.php\/wp-json\/wp\/v2\/media?parent=414"}],"wp:term":[{"taxonomy":"category","embeddable":true,"href":"https:\/\/imagesontourne.com\/index.php\/wp-json\/wp\/v2\/categories?post=414"},{"taxonomy":"post_tag","embeddable":true,"href":"https:\/\/imagesontourne.com\/index.php\/wp-json\/wp\/v2\/tags?post=414"}],"curies":[{"name":"wp","href":"https:\/\/api.w.org\/{rel}","templated":true}]}}