{"id":629,"date":"2023-05-30T22:00:20","date_gmt":"2023-05-30T20:00:20","guid":{"rendered":"https:\/\/imagesontourne.com\/?p=629"},"modified":"2023-09-16T09:51:27","modified_gmt":"2023-09-16T07:51:27","slug":"marinette-avant-premiere-ugc-cine-cite-lille-avec-marinette-pichon-et-emilie-dequenne","status":"publish","type":"post","link":"https:\/\/imagesontourne.com\/index.php\/2023\/05\/30\/marinette-avant-premiere-ugc-cine-cite-lille-avec-marinette-pichon-et-emilie-dequenne\/","title":{"rendered":"Marinette avant premiere &#8211; UGC Cin\u00e9 Cit\u00e9 Lille avec Marinette Pichon et Emilie Dequenne"},"content":{"rendered":"\t\t<div data-elementor-type=\"wp-post\" data-elementor-id=\"629\" class=\"elementor elementor-629\">\n\t\t\t\t<div class=\"elementor-element elementor-element-6ddfadb e-flex e-con-boxed e-con e-parent\" data-id=\"6ddfadb\" data-element_type=\"container\" data-e-type=\"container\">\n\t\t\t\t\t<div class=\"e-con-inner\">\n\t\t\t\t<div class=\"elementor-element elementor-element-3d6d48a elementor-widget elementor-widget-heading\" data-id=\"3d6d48a\" data-element_type=\"widget\" data-e-type=\"widget\" data-widget_type=\"heading.default\">\n\t\t\t\t<div class=\"elementor-widget-container\">\n\t\t\t\t\t<h2 class=\"elementor-heading-title elementor-size-default\">Marinette avant premiere - UGC Cin\u00e9 Cit\u00e9 Lille avec Marinette Pichon et Emilie Dequenne<\/h2>\t\t\t\t<\/div>\n\t\t\t\t<\/div>\n\t\t\t\t\t<\/div>\n\t\t\t\t<\/div>\n\t\t<div class=\"elementor-element elementor-element-fdc5f57 e-flex e-con-boxed e-con e-parent\" data-id=\"fdc5f57\" data-element_type=\"container\" data-e-type=\"container\">\n\t\t\t\t\t<div class=\"e-con-inner\">\n\t\t\t\t<div class=\"elementor-element elementor-element-27a4963 elementor-widget elementor-widget-video\" data-id=\"27a4963\" data-element_type=\"widget\" data-e-type=\"widget\" data-settings=\"{&quot;video_type&quot;:&quot;vimeo&quot;}\" data-widget_type=\"video.default\">\n\t\t\t\t<div class=\"elementor-widget-container\">\n\t\t\t\t\t\t\t<div class=\"elementor-wrapper elementor-open-inline\">\n\t\t\t<iframe class=\"elementor-video-iframe\" allowfullscreen allow=\"clipboard-write\" title=\"Lecteur vid\u00e9o vimeo\" src=\"https:\/\/player.vimeo.com\/video\/865031731?color&amp;autopause=0&amp;loop=0&amp;muted=0&amp;title=1&amp;portrait=1&amp;byline=1#t=\"><\/iframe>\t\t<\/div>\n\t\t\t\t\t\t<\/div>\n\t\t\t\t<\/div>\n\t\t\t\t<div class=\"elementor-element elementor-element-2242697 elementor-widget-divider--view-line elementor-widget elementor-widget-divider\" data-id=\"2242697\" data-element_type=\"widget\" data-e-type=\"widget\" data-widget_type=\"divider.default\">\n\t\t\t\t<div class=\"elementor-widget-container\">\n\t\t\t\t\t\t\t<div class=\"elementor-divider\">\n\t\t\t<span class=\"elementor-divider-separator\">\n\t\t\t\t\t\t<\/span>\n\t\t<\/div>\n\t\t\t\t\t\t<\/div>\n\t\t\t\t<\/div>\n\t\t\t\t\t<\/div>\n\t\t\t\t<\/div>\n\t\t<div class=\"elementor-element elementor-element-6bf4ec4 e-flex e-con-boxed e-con e-parent\" data-id=\"6bf4ec4\" data-element_type=\"container\" data-e-type=\"container\">\n\t\t\t\t\t<div class=\"e-con-inner\">\n\t\t\t\t<div class=\"elementor-element elementor-element-dfa702b elementor-widget elementor-widget-text-editor\" data-id=\"dfa702b\" data-element_type=\"widget\" data-e-type=\"widget\" data-widget_type=\"text-editor.default\">\n\t\t\t\t<div class=\"elementor-widget-container\">\n\t\t\t\t\t\t\t\t\t<h4>Marinette Pichon<\/h4><blockquote><h4>&#8220;J&#8217;aimais par dessus tout le foot et le terrain parce que cela me permettait d&#8217;exulter. Je jouais sur le terrain et \u00e0 ce moment-l\u00e0 j&#8217;avais cette consid\u00e9ration que je ne trouvais pas \u00e0 la maison du c\u00f4t\u00e9 de mon p\u00e8re, que j&#8217;ai tant recherch\u00e9 pendant toutes ces ann\u00e9es. Pour moi c&#8217;\u00e9tait vital&#8221;<\/h4><\/blockquote>\t\t\t\t\t\t\t\t<\/div>\n\t\t\t\t<\/div>\n\t\t\t\t\t<\/div>\n\t\t\t\t<\/div>\n\t\t<div class=\"elementor-element elementor-element-37183e1 e-flex e-con-boxed e-con e-parent\" data-id=\"37183e1\" data-element_type=\"container\" data-e-type=\"container\">\n\t\t\t\t\t<div class=\"e-con-inner\">\n\t\t\t\t<div class=\"elementor-element elementor-element-8827aa1 elementor-widget elementor-widget-spacer\" data-id=\"8827aa1\" data-element_type=\"widget\" data-e-type=\"widget\" data-widget_type=\"spacer.default\">\n\t\t\t\t<div class=\"elementor-widget-container\">\n\t\t\t\t\t\t\t<div class=\"elementor-spacer\">\n\t\t\t<div class=\"elementor-spacer-inner\"><\/div>\n\t\t<\/div>\n\t\t\t\t\t\t<\/div>\n\t\t\t\t<\/div>\n\t\t\t\t<div class=\"elementor-element elementor-element-5a2fc53 elementor-widget elementor-widget-text-editor\" data-id=\"5a2fc53\" data-element_type=\"widget\" data-e-type=\"widget\" data-widget_type=\"text-editor.default\">\n\t\t\t\t<div class=\"elementor-widget-container\">\n\t\t\t\t\t\t\t\t\t<p>Avant-premi\u00e8re \u00ab Marinette \u00bb \u00e0 l\u2019UGC Cin\u00e9 Cit\u00e9 Lille, 30 mai 2023.<\/p><p>En pr\u00e9sence d\u2019Emillie Dequenne, actrice et de Marinette Pichon, footballeuse internationale, consultante et entra\u00eeneuse au sein de l&#8217;Association R\u00e9gionale de soccer du Lac Saint-Louis \u00e0 Montr\u00e9al.<\/p><p>Soir\u00e9e anim\u00e9e par J\u00e9r\u00f4me Z\u00e9lent, directeur de l\u2019UGC Lille.<\/p><p>\u00ab Marinette \u00bb est le premier biopic fran\u00e7ais ayant pour sujet la vie et la carri\u00e8re de la footballeuse Marinette Pichon, personne et sportive remarquable. \u00ab Marinette \u00bb est un film port\u00e9 intens\u00e9ment par l\u2019interpr\u00e9tation incandescente de Garance Marillier, la lumineuse \u00c9milie Dequenne et Fred Testot, qui apporte un regard critique, sensible et riche en nuances tout au long du difficile parcours de Marinette.<\/p><p>Si par moments, le biopic prend des aspects assez classiques, notamment dans la partie consacr\u00e9e aux USA, la r\u00e9alisation de Virginie Verrier sert magnifiquement son sujet dans une \u00ab fugue \u00bb cin\u00e9matographique, \u00e0 4 voix principales, au cours de laquelle alternent le r\u00eave de football d\u2019une petite fille, les souffrances d\u2019une adolescente face \u00e0 la violence paternelle et \u00e0 l\u2019exclusion des femmes du football semi-pro, d\u2019une femme enfin, port\u00e9e par son r\u00eave initial, le courage de sa m\u00e8re et sa pers\u00e9v\u00e9rance pour s\u2019imposer et imposer les femmes dans une discipline sportive qui leur \u00e9tait jusqu\u2019alors ferm\u00e9e. Un film \u00e0 voir absolument.<\/p><p>Extraits de la bande annonce \u00ab Marinette \u00bb, un film de Virginie Verrier, avec Garance Marillier, \u00c9milie Dequenne, Fred Testot, Alban Lenoir, Sylvie Testud et Caroline Proust, France \u2013 1h36 \u00a9 The Jokers<\/p><p><a href=\"https:\/\/www.thejokersfilms.com\/marinette\" target=\"_blank\" rel=\"noopener\">https:\/\/www.thejokersfilms.com\/marinette<\/a><\/p><p>R\u00e9servez vos places sur <a href=\"https:\/\/www.ugc.fr\/film.html?id=15236\" target=\"_blank\" rel=\"noopener\">https:\/\/www.ugc.fr\/film.html?id=15236<\/a><\/p><p>Captation, montage et r\u00e9alisation : Eric Dubois-Geoffroy, IMAGES ON TOURNE, Lille, 2023.<\/p><p>Captation : iPhone 4 Pro<br \/>Montage : DaVinci Resolve 18.5<\/p>\t\t\t\t\t\t\t\t<\/div>\n\t\t\t\t<\/div>\n\t\t\t\t\t<\/div>\n\t\t\t\t<\/div>\n\t\t<div class=\"elementor-element elementor-element-5e910f3 e-flex e-con-boxed e-con e-parent\" data-id=\"5e910f3\" data-element_type=\"container\" data-e-type=\"container\">\n\t\t\t\t\t<div class=\"e-con-inner\">\n\t\t\t\t\t<\/div>\n\t\t\t\t<\/div>\n\t\t<div class=\"elementor-element elementor-element-5e80500 e-flex e-con-boxed e-con e-parent\" data-id=\"5e80500\" data-element_type=\"container\" data-e-type=\"container\">\n\t\t\t\t\t<div class=\"e-con-inner\">\n\t\t\t\t<div class=\"elementor-element elementor-element-7e98d72 elementor--star-style-star_unicode elementor-widget elementor-widget-star-rating\" data-id=\"7e98d72\" data-element_type=\"widget\" data-e-type=\"widget\" data-widget_type=\"star-rating.default\">\n\t\t\t\t<div class=\"elementor-widget-container\">\n\t\t\t\t\t\t\t<div class=\"elementor-star-rating__wrapper\">\n\t\t\t\t\t\t\t<div class=\"elementor-star-rating__title\">Nous avons aim\u00e9 le film<\/div>\n\t\t\t\t\t\t<div class=\"elementor-star-rating\" itemtype=\"http:\/\/schema.org\/Rating\" itemscope=\"\" itemprop=\"reviewRating\">\n\t\t\t\t<i class=\"elementor-star-full\" aria-hidden=\"true\">&#9733;<\/i><i class=\"elementor-star-full\" aria-hidden=\"true\">&#9733;<\/i><i class=\"elementor-star-full\" aria-hidden=\"true\">&#9733;<\/i><i class=\"elementor-star-full\" aria-hidden=\"true\">&#9733;<\/i><i class=\"elementor-star-full\" aria-hidden=\"true\">&#9733;<\/i>\t\t\t\t<span itemprop=\"ratingValue\" class=\"elementor-screen-only\">Not\u00e9 5 sur 5<\/span>\n\t\t\t<\/div>\n\t\t<\/div>\n\t\t\t\t\t\t<\/div>\n\t\t\t\t<\/div>\n\t\t\t\t\t<\/div>\n\t\t\t\t<\/div>\n\t\t\t\t<\/div>\n\t\t","protected":false},"excerpt":{"rendered":"<p>&#8220;J&#8217;aimais par dessus tout le foot et le terrain parce que cela me permettait d&#8217;exulter. Je jouais sur le terrain et \u00e0 ce moment-l\u00e0 j&#8217;avais cette consid\u00e9ration que je ne trouvais pas \u00e0 la maison du c\u00f4t\u00e9 de mon p\u00e8re, que j&#8217;ai tant recherch\u00e9 pendant toutes ces ann\u00e9es. Pour moi c&#8217;\u00e9tait vital&#8221; Marinette Pichon<\/p>\n","protected":false},"author":1,"featured_media":632,"comment_status":"open","ping_status":"open","sticky":false,"template":"elementor_header_footer","format":"standard","meta":{"_acf_changed":false,"om_disable_all_campaigns":false,"_monsterinsights_skip_tracking":false,"_monsterinsights_sitenote_active":false,"_monsterinsights_sitenote_note":"","_monsterinsights_sitenote_category":0,"_uf_show_specific_survey":0,"_uf_disable_surveys":false,"footnotes":""},"categories":[19],"tags":[38,37,36],"class_list":["post-629","post","type-post","status-publish","format-standard","has-post-thumbnail","hentry","category-avant-premieres","tag-avant-premiere","tag-emilie-dequenne","tag-ugc-cine-cite-lille"],"acf":[],"aioseo_notices":[],"_links":{"self":[{"href":"https:\/\/imagesontourne.com\/index.php\/wp-json\/wp\/v2\/posts\/629","targetHints":{"allow":["GET"]}}],"collection":[{"href":"https:\/\/imagesontourne.com\/index.php\/wp-json\/wp\/v2\/posts"}],"about":[{"href":"https:\/\/imagesontourne.com\/index.php\/wp-json\/wp\/v2\/types\/post"}],"author":[{"embeddable":true,"href":"https:\/\/imagesontourne.com\/index.php\/wp-json\/wp\/v2\/users\/1"}],"replies":[{"embeddable":true,"href":"https:\/\/imagesontourne.com\/index.php\/wp-json\/wp\/v2\/comments?post=629"}],"version-history":[{"count":6,"href":"https:\/\/imagesontourne.com\/index.php\/wp-json\/wp\/v2\/posts\/629\/revisions"}],"predecessor-version":[{"id":659,"href":"https:\/\/imagesontourne.com\/index.php\/wp-json\/wp\/v2\/posts\/629\/revisions\/659"}],"wp:featuredmedia":[{"embeddable":true,"href":"https:\/\/imagesontourne.com\/index.php\/wp-json\/wp\/v2\/media\/632"}],"wp:attachment":[{"href":"https:\/\/imagesontourne.com\/index.php\/wp-json\/wp\/v2\/media?parent=629"}],"wp:term":[{"taxonomy":"category","embeddable":true,"href":"https:\/\/imagesontourne.com\/index.php\/wp-json\/wp\/v2\/categories?post=629"},{"taxonomy":"post_tag","embeddable":true,"href":"https:\/\/imagesontourne.com\/index.php\/wp-json\/wp\/v2\/tags?post=629"}],"curies":[{"name":"wp","href":"https:\/\/api.w.org\/{rel}","templated":true}]}}