{"id":685,"date":"2023-09-21T01:23:56","date_gmt":"2023-09-20T23:23:56","guid":{"rendered":"https:\/\/imagesontourne.com\/?p=685"},"modified":"2023-09-21T01:28:44","modified_gmt":"2023-09-20T23:28:44","slug":"avant-premiere-du-film-nouveau-depart-a-lugc-cine-cite-de-lille-11-septembre-2023","status":"publish","type":"post","link":"https:\/\/imagesontourne.com\/index.php\/2023\/09\/21\/avant-premiere-du-film-nouveau-depart-a-lugc-cine-cite-de-lille-11-septembre-2023\/","title":{"rendered":"Avant-premi\u00e8re du film \u00ab Nouveau d\u00e9part \u00bb, \u00e0 l\u2019UGC Cin\u00e9 Cit\u00e9 de Lille, sortie le 27 septembre 2023"},"content":{"rendered":"\t\t<div data-elementor-type=\"wp-post\" data-elementor-id=\"685\" class=\"elementor elementor-685\">\n\t\t\t\t<div class=\"elementor-element elementor-element-6ddfadb e-flex e-con-boxed e-con e-parent\" data-id=\"6ddfadb\" data-element_type=\"container\" data-e-type=\"container\">\n\t\t\t\t\t<div class=\"e-con-inner\">\n\t\t\t\t<div class=\"elementor-element elementor-element-3d6d48a elementor-widget elementor-widget-heading\" data-id=\"3d6d48a\" data-element_type=\"widget\" data-e-type=\"widget\" data-widget_type=\"heading.default\">\n\t\t\t\t<div class=\"elementor-widget-container\">\n\t\t\t\t\t<h2 class=\"elementor-heading-title elementor-size-default\">Avant-premi\u00e8re du film \u00ab Nouveau d\u00e9part \u00bb, \u00e0 l\u2019UGC Cin\u00e9 Cit\u00e9 de Lille, sortie le 27 septembre 2023<\/h2>\t\t\t\t<\/div>\n\t\t\t\t<\/div>\n\t\t\t\t\t<\/div>\n\t\t\t\t<\/div>\n\t\t<div class=\"elementor-element elementor-element-fdc5f57 e-flex e-con-boxed e-con e-parent\" data-id=\"fdc5f57\" data-element_type=\"container\" data-e-type=\"container\">\n\t\t\t\t\t<div class=\"e-con-inner\">\n\t\t\t\t<div class=\"elementor-element elementor-element-27a4963 elementor-widget elementor-widget-video\" data-id=\"27a4963\" data-element_type=\"widget\" data-e-type=\"widget\" data-settings=\"{&quot;video_type&quot;:&quot;vimeo&quot;}\" data-widget_type=\"video.default\">\n\t\t\t\t<div class=\"elementor-widget-container\">\n\t\t\t\t\t\t\t<div class=\"elementor-wrapper elementor-open-inline\">\n\t\t\t<iframe class=\"elementor-video-iframe\" allowfullscreen allow=\"clipboard-write\" title=\"Lecteur vid\u00e9o vimeo\" src=\"https:\/\/player.vimeo.com\/video\/866572851?color&amp;autopause=0&amp;loop=0&amp;muted=0&amp;title=1&amp;portrait=1&amp;byline=1#t=\"><\/iframe>\t\t<\/div>\n\t\t\t\t\t\t<\/div>\n\t\t\t\t<\/div>\n\t\t\t\t<div class=\"elementor-element elementor-element-2242697 elementor-widget-divider--view-line elementor-widget elementor-widget-divider\" data-id=\"2242697\" data-element_type=\"widget\" data-e-type=\"widget\" data-widget_type=\"divider.default\">\n\t\t\t\t<div class=\"elementor-widget-container\">\n\t\t\t\t\t\t\t<div class=\"elementor-divider\">\n\t\t\t<span class=\"elementor-divider-separator\">\n\t\t\t\t\t\t<\/span>\n\t\t<\/div>\n\t\t\t\t\t\t<\/div>\n\t\t\t\t<\/div>\n\t\t\t\t\t<\/div>\n\t\t\t\t<\/div>\n\t\t<div class=\"elementor-element elementor-element-6bf4ec4 e-flex e-con-boxed e-con e-parent\" data-id=\"6bf4ec4\" data-element_type=\"container\" data-e-type=\"container\">\n\t\t\t\t\t<div class=\"e-con-inner\">\n\t\t\t\t<div class=\"elementor-element elementor-element-dfa702b elementor-widget elementor-widget-text-editor\" data-id=\"dfa702b\" data-element_type=\"widget\" data-e-type=\"widget\" data-widget_type=\"text-editor.default\">\n\t\t\t\t<div class=\"elementor-widget-container\">\n\t\t\t\t\t\t\t\t\t<h4>Franck Dubosc<\/h4><blockquote><h4>\u00ab\u00a0Je me suis beaucoup cach\u00e9 jusqu\u2019\u00e0 pr\u00e9sent derri\u00e8re le pitre, derri\u00e8re des personnages comme Patrick Chirac, des personnages que j\u2019aime, que je revendique et qui m\u2019ont aid\u00e9 \u00e0 ce qu\u2019aujourd\u2019hui vous me fassiez un petit plus confiance en \u00e9tant un peu plus moi-m\u00eame (&#8230;) Je peux aussi faire rire, sourire, \u00e9mouvoir, en \u00e9tant un peu plus proche de moi (\u2026). C\u2019est le temps qui a fait que je me fasse plus confiance\u00a0\u00bb<\/h4><\/blockquote>\t\t\t\t\t\t\t\t<\/div>\n\t\t\t\t<\/div>\n\t\t\t\t\t<\/div>\n\t\t\t\t<\/div>\n\t\t<div class=\"elementor-element elementor-element-37183e1 e-flex e-con-boxed e-con e-parent\" data-id=\"37183e1\" data-element_type=\"container\" data-e-type=\"container\">\n\t\t\t\t\t<div class=\"e-con-inner\">\n\t\t\t\t<div class=\"elementor-element elementor-element-8827aa1 elementor-widget elementor-widget-spacer\" data-id=\"8827aa1\" data-element_type=\"widget\" data-e-type=\"widget\" data-widget_type=\"spacer.default\">\n\t\t\t\t<div class=\"elementor-widget-container\">\n\t\t\t\t\t\t\t<div class=\"elementor-spacer\">\n\t\t\t<div class=\"elementor-spacer-inner\"><\/div>\n\t\t<\/div>\n\t\t\t\t\t\t<\/div>\n\t\t\t\t<\/div>\n\t\t\t\t<div class=\"elementor-element elementor-element-5a2fc53 elementor-widget elementor-widget-text-editor\" data-id=\"5a2fc53\" data-element_type=\"widget\" data-e-type=\"widget\" data-widget_type=\"text-editor.default\">\n\t\t\t\t<div class=\"elementor-widget-container\">\n\t\t\t\t\t\t\t\t\t<p>\u00ab\u00a0Nouveau d\u00e9part\u00a0\u00bb est une com\u00e9die qui sonne juste d\u00e8s les premiers plans, interpr\u00e9t\u00e9e avec sobri\u00e9t\u00e9 par un casting excellent, et au sein duquel Karine Viard et Franck Dubosc quittent leurs zones de confort dans lesquelles nous avons pu les voir dans d\u2019autres com\u00e9dies, pour deux interpr\u00e9tations pleines d\u2019\u00e9motions.<\/p>\t\t\t\t\t\t\t\t<\/div>\n\t\t\t\t<\/div>\n\t\t\t\t<div class=\"elementor-element elementor-element-b7ff07a elementor-widget elementor-widget-image\" data-id=\"b7ff07a\" data-element_type=\"widget\" data-e-type=\"widget\" data-widget_type=\"image.default\">\n\t\t\t\t<div class=\"elementor-widget-container\">\n\t\t\t\t\t\t\t\t\t\t\t\t<figure class=\"wp-caption\">\n\t\t\t\t\t\t\t\t\t\t<img fetchpriority=\"high\" decoding=\"async\" width=\"1024\" height=\"695\" src=\"https:\/\/imagesontourne.com\/wp-content\/uploads\/2023\/09\/6.Mathieu-Ponchel-\u00a9-2022-Recifilms-Village-Films-Orange-Studio-France-2-Cinema-Umedia-1024x695.jpg\" class=\"attachment-large size-large wp-image-688\" alt=\"Mathieu Ponchel \u00a9 2022 - R\u00e9cifilms - Village Films - Orange Studio - France 2 Cin\u00e9ma - Um\u00e9dia\" srcset=\"https:\/\/imagesontourne.com\/wp-content\/uploads\/2023\/09\/6.Mathieu-Ponchel-\u00a9-2022-Recifilms-Village-Films-Orange-Studio-France-2-Cinema-Umedia-1024x695.jpg 1024w, https:\/\/imagesontourne.com\/wp-content\/uploads\/2023\/09\/6.Mathieu-Ponchel-\u00a9-2022-Recifilms-Village-Films-Orange-Studio-France-2-Cinema-Umedia-300x204.jpg 300w, https:\/\/imagesontourne.com\/wp-content\/uploads\/2023\/09\/6.Mathieu-Ponchel-\u00a9-2022-Recifilms-Village-Films-Orange-Studio-France-2-Cinema-Umedia-768x521.jpg 768w, https:\/\/imagesontourne.com\/wp-content\/uploads\/2023\/09\/6.Mathieu-Ponchel-\u00a9-2022-Recifilms-Village-Films-Orange-Studio-France-2-Cinema-Umedia-1536x1042.jpg 1536w, https:\/\/imagesontourne.com\/wp-content\/uploads\/2023\/09\/6.Mathieu-Ponchel-\u00a9-2022-Recifilms-Village-Films-Orange-Studio-France-2-Cinema-Umedia-70x47.jpg 70w, https:\/\/imagesontourne.com\/wp-content\/uploads\/2023\/09\/6.Mathieu-Ponchel-\u00a9-2022-Recifilms-Village-Films-Orange-Studio-France-2-Cinema-Umedia-600x407.jpg 600w, https:\/\/imagesontourne.com\/wp-content\/uploads\/2023\/09\/6.Mathieu-Ponchel-\u00a9-2022-Recifilms-Village-Films-Orange-Studio-France-2-Cinema-Umedia.jpg 2028w\" sizes=\"(max-width: 1024px) 100vw, 1024px\" \/>\t\t\t\t\t\t\t\t\t\t\t<figcaption class=\"widget-image-caption wp-caption-text\">Mathieu Ponchel \u00a9 2022 - R\u00e9cifilms - Village Films - Orange Studio - France 2 Cin\u00e9ma - Um\u00e9dia<\/figcaption>\n\t\t\t\t\t\t\t\t\t\t<\/figure>\n\t\t\t\t\t\t\t\t\t<\/div>\n\t\t\t\t<\/div>\n\t\t\t\t<div class=\"elementor-element elementor-element-2719243 elementor-widget elementor-widget-text-editor\" data-id=\"2719243\" data-element_type=\"widget\" data-e-type=\"widget\" data-widget_type=\"text-editor.default\">\n\t\t\t\t<div class=\"elementor-widget-container\">\n\t\t\t\t\t\t\t\t\t<p>Avant-premi\u00e8re anim\u00e9e enthousiaste, rythm\u00e9e par les fous rires provoqu\u00e9s, il va de soi par Franck Dubosc, ponctu\u00e9e par des \u00e9changes int\u00e9ressants avec le public, o\u00f9 s\u2019exprimait des questionnements, des t\u00e9moignages sur la vie de couple, de nouveau en t\u00eate \u00e0 t\u00eate, apr\u00e8s 15, 20 ou 30 ans de vie consacr\u00e9e aux enfants.<\/p>\t\t\t\t\t\t\t\t<\/div>\n\t\t\t\t<\/div>\n\t\t\t\t<div class=\"elementor-element elementor-element-35242ec elementor-widget elementor-widget-image\" data-id=\"35242ec\" data-element_type=\"widget\" data-e-type=\"widget\" data-widget_type=\"image.default\">\n\t\t\t\t<div class=\"elementor-widget-container\">\n\t\t\t\t\t\t\t\t\t\t\t\t<figure class=\"wp-caption\">\n\t\t\t\t\t\t\t\t\t\t<img decoding=\"async\" width=\"1024\" height=\"683\" src=\"https:\/\/imagesontourne.com\/wp-content\/uploads\/2023\/09\/5.Mathieu-Ponchel-\u00a9-2022-Recifilms-Village-Films-Orange-Studio-France-2-Cinema-Umedia-1024x683.jpg\" class=\"attachment-large size-large wp-image-687\" alt=\"Mathieu Ponchel \u00a9 2022 - R\u00e9cifilms - Village Films - Orange Studio - France 2 Cin\u00e9ma - Um\u00e9dia\" srcset=\"https:\/\/imagesontourne.com\/wp-content\/uploads\/2023\/09\/5.Mathieu-Ponchel-\u00a9-2022-Recifilms-Village-Films-Orange-Studio-France-2-Cinema-Umedia-1024x683.jpg 1024w, https:\/\/imagesontourne.com\/wp-content\/uploads\/2023\/09\/5.Mathieu-Ponchel-\u00a9-2022-Recifilms-Village-Films-Orange-Studio-France-2-Cinema-Umedia-300x200.jpg 300w, https:\/\/imagesontourne.com\/wp-content\/uploads\/2023\/09\/5.Mathieu-Ponchel-\u00a9-2022-Recifilms-Village-Films-Orange-Studio-France-2-Cinema-Umedia-768x512.jpg 768w, https:\/\/imagesontourne.com\/wp-content\/uploads\/2023\/09\/5.Mathieu-Ponchel-\u00a9-2022-Recifilms-Village-Films-Orange-Studio-France-2-Cinema-Umedia-1536x1024.jpg 1536w, https:\/\/imagesontourne.com\/wp-content\/uploads\/2023\/09\/5.Mathieu-Ponchel-\u00a9-2022-Recifilms-Village-Films-Orange-Studio-France-2-Cinema-Umedia-70x47.jpg 70w, https:\/\/imagesontourne.com\/wp-content\/uploads\/2023\/09\/5.Mathieu-Ponchel-\u00a9-2022-Recifilms-Village-Films-Orange-Studio-France-2-Cinema-Umedia-600x400.jpg 600w, https:\/\/imagesontourne.com\/wp-content\/uploads\/2023\/09\/5.Mathieu-Ponchel-\u00a9-2022-Recifilms-Village-Films-Orange-Studio-France-2-Cinema-Umedia.jpg 2028w\" sizes=\"(max-width: 1024px) 100vw, 1024px\" \/>\t\t\t\t\t\t\t\t\t\t\t<figcaption class=\"widget-image-caption wp-caption-text\">Mathieu Ponchel \u00a9 2022 - R\u00e9cifilms - Village Films - Orange Studio - France 2 Cin\u00e9ma - Um\u00e9dia<\/figcaption>\n\t\t\t\t\t\t\t\t\t\t<\/figure>\n\t\t\t\t\t\t\t\t\t<\/div>\n\t\t\t\t<\/div>\n\t\t\t\t<div class=\"elementor-element elementor-element-82263fd elementor-widget elementor-widget-text-editor\" data-id=\"82263fd\" data-element_type=\"widget\" data-e-type=\"widget\" data-widget_type=\"text-editor.default\">\n\t\t\t\t<div class=\"elementor-widget-container\">\n\t\t\t\t\t\t\t\t\t<h4>Philippe Lef\u00e8bvre<\/h4><blockquote><h4>\u00ab La principale difficult\u00e9 du sc\u00e9nario, c\u2019\u00e9tait d\u2019\u00e9quilibrer entre les deux points de vue, et d\u2019Alain, et de Diane, pour que cela ne devienne pas un point de vue exclusivement masculin ou f\u00e9minin. D\u2019ailleurs, Maria Pourchet co-sc\u00e9nariste, allait plus loin que moi dans la com\u00e9die. (&#8230;) Ce moment charni\u00e8re dans un couple, le syndrome du lit vide, le moment o\u00f9 le couple se retrouve en t\u00eate \u00e0 t\u00eate, d\u00e9barrass\u00e9 des discussions autour des enfants, les enfants prennent beaucoup de place dans la vie des couples, un moment o\u00f9 le couple doit se r\u00e9inventer, combler ce vide. Certains le vivent tr\u00e8s bien, d\u2019autres ne passent pas le cap et se s\u00e9parent \u00bb\u00a0<\/h4><\/blockquote>\t\t\t\t\t\t\t\t<\/div>\n\t\t\t\t<\/div>\n\t\t\t\t\t<\/div>\n\t\t\t\t<\/div>\n\t\t<div class=\"elementor-element elementor-element-5e910f3 e-flex e-con-boxed e-con e-parent\" data-id=\"5e910f3\" data-element_type=\"container\" data-e-type=\"container\">\n\t\t\t\t\t<div class=\"e-con-inner\">\n\t\t\t\t<div class=\"elementor-element elementor-element-7b314e8 elementor-widget elementor-widget-text-editor\" data-id=\"7b314e8\" data-element_type=\"widget\" data-e-type=\"widget\" data-widget_type=\"text-editor.default\">\n\t\t\t\t<div class=\"elementor-widget-container\">\n\t\t\t\t\t\t\t\t\t<p>Extraits de la bande annonce \u00ab Nouveau d\u00e9part \u00bb, un film de Philippe Lef\u00e8bvre, avec Franck Dubosc, Karin Viard, Clothilde Courau, Youssef Hajdi, Tom Leeb, Cl\u00e9mentine Baert, B\u00e9rang\u00e8re Krief, Louise Orry Diquero, Joaquim Fossi, produit par Mathias Rubin &amp; Eric Juherian, sc\u00e9nario de Philippe Lefebvre &amp; Maria Pourchet, musique originale de Philippe Kelly, distribu\u00e9 par UGC Distribution<\/p><p>R\u00e9servez vos places sur <a href=\"https:\/\/www.ugc.fr\/film.html?id=15456\" target=\"_blank\" rel=\"noopener\">https:\/\/www.ugc.fr\/film.html?id=15456<\/a><\/p><p>Bande annonce : <a href=\"https:\/\/www.youtube.com\/watch?v=R3nXSx37UY4\" target=\"_blank\" rel=\"noopener\">https:\/\/www.youtube.com\/watch?v=R3nXSx37UY4<\/a><\/p><p>Captation, montage, mixage son et r\u00e9alisation : Eric Dubois-Geoffroy, IMAGES ON TOURNE, Lille, 2023. Captation : iPhone 13 Pro<\/p><p>Montage : DaVinci Resolve 18.6<\/p>\t\t\t\t\t\t\t\t<\/div>\n\t\t\t\t<\/div>\n\t\t\t\t<div class=\"elementor-element elementor-element-954374a elementor-widget elementor-widget-image\" data-id=\"954374a\" data-element_type=\"widget\" data-e-type=\"widget\" data-widget_type=\"image.default\">\n\t\t\t\t<div class=\"elementor-widget-container\">\n\t\t\t\t\t\t\t\t\t\t\t\t<figure class=\"wp-caption\">\n\t\t\t\t\t\t\t\t\t\t<img decoding=\"async\" width=\"1024\" height=\"683\" src=\"https:\/\/imagesontourne.com\/wp-content\/uploads\/2023\/09\/4.Mathieu-Ponchel-\u00a9-2022-Recifilms-Village-Films-Orange-Studio-France-2-Cinema-Umedia-1024x683.jpg\" class=\"attachment-large size-large wp-image-686\" alt=\"Mathieu Ponchel \u00a9 2022 - R\u00e9cifilms - Village Films - Orange Studio - France 2 Cin\u00e9ma - Um\u00e9dia\" srcset=\"https:\/\/imagesontourne.com\/wp-content\/uploads\/2023\/09\/4.Mathieu-Ponchel-\u00a9-2022-Recifilms-Village-Films-Orange-Studio-France-2-Cinema-Umedia-1024x683.jpg 1024w, https:\/\/imagesontourne.com\/wp-content\/uploads\/2023\/09\/4.Mathieu-Ponchel-\u00a9-2022-Recifilms-Village-Films-Orange-Studio-France-2-Cinema-Umedia-300x200.jpg 300w, https:\/\/imagesontourne.com\/wp-content\/uploads\/2023\/09\/4.Mathieu-Ponchel-\u00a9-2022-Recifilms-Village-Films-Orange-Studio-France-2-Cinema-Umedia-768x512.jpg 768w, https:\/\/imagesontourne.com\/wp-content\/uploads\/2023\/09\/4.Mathieu-Ponchel-\u00a9-2022-Recifilms-Village-Films-Orange-Studio-France-2-Cinema-Umedia-1536x1024.jpg 1536w, https:\/\/imagesontourne.com\/wp-content\/uploads\/2023\/09\/4.Mathieu-Ponchel-\u00a9-2022-Recifilms-Village-Films-Orange-Studio-France-2-Cinema-Umedia-70x47.jpg 70w, https:\/\/imagesontourne.com\/wp-content\/uploads\/2023\/09\/4.Mathieu-Ponchel-\u00a9-2022-Recifilms-Village-Films-Orange-Studio-France-2-Cinema-Umedia-600x400.jpg 600w, https:\/\/imagesontourne.com\/wp-content\/uploads\/2023\/09\/4.Mathieu-Ponchel-\u00a9-2022-Recifilms-Village-Films-Orange-Studio-France-2-Cinema-Umedia.jpg 2028w\" sizes=\"(max-width: 1024px) 100vw, 1024px\" \/>\t\t\t\t\t\t\t\t\t\t\t<figcaption class=\"widget-image-caption wp-caption-text\">Mathieu Ponchel \u00a9 2022 - R\u00e9cifilms - Village Films - Orange Studio - France 2 Cin\u00e9ma - Um\u00e9dia<\/figcaption>\n\t\t\t\t\t\t\t\t\t\t<\/figure>\n\t\t\t\t\t\t\t\t\t<\/div>\n\t\t\t\t<\/div>\n\t\t\t\t\t<\/div>\n\t\t\t\t<\/div>\n\t\t<div class=\"elementor-element elementor-element-5e80500 e-flex e-con-boxed e-con e-parent\" data-id=\"5e80500\" data-element_type=\"container\" data-e-type=\"container\">\n\t\t\t\t\t<div class=\"e-con-inner\">\n\t\t\t\t<div class=\"elementor-element elementor-element-7e98d72 elementor--star-style-star_unicode elementor-widget elementor-widget-star-rating\" data-id=\"7e98d72\" data-element_type=\"widget\" data-e-type=\"widget\" data-widget_type=\"star-rating.default\">\n\t\t\t\t<div class=\"elementor-widget-container\">\n\t\t\t\t\t\t\t<div class=\"elementor-star-rating__wrapper\">\n\t\t\t\t\t\t\t<div class=\"elementor-star-rating__title\">Nous avons aim\u00e9 le film<\/div>\n\t\t\t\t\t\t<div class=\"elementor-star-rating\" itemtype=\"http:\/\/schema.org\/Rating\" itemscope=\"\" itemprop=\"reviewRating\">\n\t\t\t\t<i class=\"elementor-star-full\" aria-hidden=\"true\">&#9733;<\/i><i class=\"elementor-star-full\" aria-hidden=\"true\">&#9733;<\/i><i class=\"elementor-star-full\" aria-hidden=\"true\">&#9733;<\/i><i class=\"elementor-star-full\" aria-hidden=\"true\">&#9733;<\/i><i class=\"elementor-star-5\" aria-hidden=\"true\">&#9733;<\/i>\t\t\t\t<span itemprop=\"ratingValue\" class=\"elementor-screen-only\">Not\u00e9 4.5 sur 5<\/span>\n\t\t\t<\/div>\n\t\t<\/div>\n\t\t\t\t\t\t<\/div>\n\t\t\t\t<\/div>\n\t\t\t\t\t<\/div>\n\t\t\t\t<\/div>\n\t\t\t\t<\/div>\n\t\t","protected":false},"excerpt":{"rendered":"<p>\u00ab Je me suis beaucoup cach\u00e9 jusqu\u2019\u00e0 pr\u00e9sent derri\u00e8re le pitre, derri\u00e8re des personnages comme Patrick Chirac, des personnages que j\u2019aime, que je revendique et qui m\u2019ont aid\u00e9 \u00e0 ce qu\u2019aujourd\u2019hui vous me fassiez un petit plus confiance en \u00e9tant un peu plus moi-m\u00eame (&#8230;) Je peux aussi faire rire, sourire, \u00e9mouvoir, en \u00e9tant un peu plus proche de moi (\u2026). C\u2019est le temps qui a fait que je me fasse plus confiance \u00bb, Franck Dubosc. <\/p>\n","protected":false},"author":1,"featured_media":689,"comment_status":"open","ping_status":"open","sticky":false,"template":"elementor_header_footer","format":"standard","meta":{"_acf_changed":false,"om_disable_all_campaigns":false,"_monsterinsights_skip_tracking":false,"_monsterinsights_sitenote_active":false,"_monsterinsights_sitenote_note":"","_monsterinsights_sitenote_category":0,"_uf_show_specific_survey":0,"_uf_disable_surveys":false,"footnotes":""},"categories":[19],"tags":[38,39,36],"class_list":["post-685","post","type-post","status-publish","format-standard","has-post-thumbnail","hentry","category-avant-premieres","tag-avant-premiere","tag-luc-besson","tag-ugc-cine-cite-lille"],"acf":[],"aioseo_notices":[],"_links":{"self":[{"href":"https:\/\/imagesontourne.com\/index.php\/wp-json\/wp\/v2\/posts\/685","targetHints":{"allow":["GET"]}}],"collection":[{"href":"https:\/\/imagesontourne.com\/index.php\/wp-json\/wp\/v2\/posts"}],"about":[{"href":"https:\/\/imagesontourne.com\/index.php\/wp-json\/wp\/v2\/types\/post"}],"author":[{"embeddable":true,"href":"https:\/\/imagesontourne.com\/index.php\/wp-json\/wp\/v2\/users\/1"}],"replies":[{"embeddable":true,"href":"https:\/\/imagesontourne.com\/index.php\/wp-json\/wp\/v2\/comments?post=685"}],"version-history":[{"count":10,"href":"https:\/\/imagesontourne.com\/index.php\/wp-json\/wp\/v2\/posts\/685\/revisions"}],"predecessor-version":[{"id":699,"href":"https:\/\/imagesontourne.com\/index.php\/wp-json\/wp\/v2\/posts\/685\/revisions\/699"}],"wp:featuredmedia":[{"embeddable":true,"href":"https:\/\/imagesontourne.com\/index.php\/wp-json\/wp\/v2\/media\/689"}],"wp:attachment":[{"href":"https:\/\/imagesontourne.com\/index.php\/wp-json\/wp\/v2\/media?parent=685"}],"wp:term":[{"taxonomy":"category","embeddable":true,"href":"https:\/\/imagesontourne.com\/index.php\/wp-json\/wp\/v2\/categories?post=685"},{"taxonomy":"post_tag","embeddable":true,"href":"https:\/\/imagesontourne.com\/index.php\/wp-json\/wp\/v2\/tags?post=685"}],"curies":[{"name":"wp","href":"https:\/\/api.w.org\/{rel}","templated":true}]}}