{"id":744,"date":"2023-10-04T14:34:29","date_gmt":"2023-10-04T12:34:29","guid":{"rendered":"https:\/\/imagesontourne.com\/?p=744"},"modified":"2023-10-07T14:43:47","modified_gmt":"2023-10-07T12:43:47","slug":"avant-premiere-le-regne-animal-avec-romain-duris-et-thomas-cailley-ugc-cine-cite-lille-25-septembre-2023","status":"publish","type":"post","link":"https:\/\/imagesontourne.com\/index.php\/2023\/10\/04\/avant-premiere-le-regne-animal-avec-romain-duris-et-thomas-cailley-ugc-cine-cite-lille-25-septembre-2023\/","title":{"rendered":"Avant-premi\u00e8re \u00ab Le r\u00e8gne animal \u00bb, avec Romain Duris et Thomas Cailley, UGC Cin\u00e9 Cit\u00e9 Lille, 25 septembre 2023"},"content":{"rendered":"\t\t<div data-elementor-type=\"wp-post\" data-elementor-id=\"744\" class=\"elementor elementor-744\">\n\t\t\t\t<div class=\"elementor-element elementor-element-6ddfadb e-flex e-con-boxed e-con e-parent\" data-id=\"6ddfadb\" data-element_type=\"container\" data-e-type=\"container\">\n\t\t\t\t\t<div class=\"e-con-inner\">\n\t\t\t\t<div class=\"elementor-element elementor-element-3d6d48a elementor-widget elementor-widget-heading\" data-id=\"3d6d48a\" data-element_type=\"widget\" data-e-type=\"widget\" data-widget_type=\"heading.default\">\n\t\t\t\t<div class=\"elementor-widget-container\">\n\t\t\t\t\t<h2 class=\"elementor-heading-title elementor-size-default\">Avant-premi\u00e8re \u00ab Le r\u00e8gne animal \u00bb, avec Romain Duris et Thomas Cailley, UGC Cin\u00e9 Cit\u00e9 Lille, 25 septembre 2023<\/h2>\t\t\t\t<\/div>\n\t\t\t\t<\/div>\n\t\t\t\t\t<\/div>\n\t\t\t\t<\/div>\n\t\t<div class=\"elementor-element elementor-element-fdc5f57 e-flex e-con-boxed e-con e-parent\" data-id=\"fdc5f57\" data-element_type=\"container\" data-e-type=\"container\">\n\t\t\t\t\t<div class=\"e-con-inner\">\n\t\t\t\t<div class=\"elementor-element elementor-element-27a4963 elementor-widget elementor-widget-video\" data-id=\"27a4963\" data-element_type=\"widget\" data-e-type=\"widget\" data-settings=\"{&quot;video_type&quot;:&quot;vimeo&quot;}\" data-widget_type=\"video.default\">\n\t\t\t\t<div class=\"elementor-widget-container\">\n\t\t\t\t\t\t\t<div class=\"elementor-wrapper elementor-open-inline\">\n\t\t\t<iframe class=\"elementor-video-iframe\" allowfullscreen allow=\"clipboard-write\" title=\"Lecteur vid\u00e9o vimeo\" src=\"https:\/\/player.vimeo.com\/video\/872093509?color&amp;autopause=0&amp;loop=0&amp;muted=0&amp;title=1&amp;portrait=1&amp;byline=1#t=\"><\/iframe>\t\t<\/div>\n\t\t\t\t\t\t<\/div>\n\t\t\t\t<\/div>\n\t\t\t\t<div class=\"elementor-element elementor-element-2242697 elementor-widget-divider--view-line elementor-widget elementor-widget-divider\" data-id=\"2242697\" data-element_type=\"widget\" data-e-type=\"widget\" data-widget_type=\"divider.default\">\n\t\t\t\t<div class=\"elementor-widget-container\">\n\t\t\t\t\t\t\t<div class=\"elementor-divider\">\n\t\t\t<span class=\"elementor-divider-separator\">\n\t\t\t\t\t\t<\/span>\n\t\t<\/div>\n\t\t\t\t\t\t<\/div>\n\t\t\t\t<\/div>\n\t\t\t\t\t<\/div>\n\t\t\t\t<\/div>\n\t\t<div class=\"elementor-element elementor-element-6bf4ec4 e-flex e-con-boxed e-con e-parent\" data-id=\"6bf4ec4\" data-element_type=\"container\" data-e-type=\"container\">\n\t\t\t\t\t<div class=\"e-con-inner\">\n\t\t\t\t<div class=\"elementor-element elementor-element-dfa702b elementor-widget elementor-widget-text-editor\" data-id=\"dfa702b\" data-element_type=\"widget\" data-e-type=\"widget\" data-widget_type=\"text-editor.default\">\n\t\t\t\t<div class=\"elementor-widget-container\">\n\t\t\t\t\t\t\t\t\t<h4>Thomas Cailley<\/h4><h4>\u00ab Apr\u00e8s mon premier long m\u00e9trage \u00ab les combattants \u00bb, sorti en 2014, j\u2019ai eu envie d\u2019un projet qui aille vers l\u2019inverse, vers la vie, qui embrasse le vivant dans sa diversit\u00e9 (&#8230;) je voulais aborder des th\u00e9matiques, \u00e0 savoir l\u2019\u00e9mancipation, la filiation, la diff\u00e9rence, le rapport au vivant. \u00bb<\/h4>\t\t\t\t\t\t\t\t<\/div>\n\t\t\t\t<\/div>\n\t\t\t\t\t<\/div>\n\t\t\t\t<\/div>\n\t\t<div class=\"elementor-element elementor-element-37183e1 e-flex e-con-boxed e-con e-parent\" data-id=\"37183e1\" data-element_type=\"container\" data-e-type=\"container\">\n\t\t\t\t\t<div class=\"e-con-inner\">\n\t\t\t\t<div class=\"elementor-element elementor-element-8827aa1 elementor-widget elementor-widget-spacer\" data-id=\"8827aa1\" data-element_type=\"widget\" data-e-type=\"widget\" data-widget_type=\"spacer.default\">\n\t\t\t\t<div class=\"elementor-widget-container\">\n\t\t\t\t\t\t\t<div class=\"elementor-spacer\">\n\t\t\t<div class=\"elementor-spacer-inner\"><\/div>\n\t\t<\/div>\n\t\t\t\t\t\t<\/div>\n\t\t\t\t<\/div>\n\t\t\t\t<div class=\"elementor-element elementor-element-5a2fc53 elementor-widget elementor-widget-text-editor\" data-id=\"5a2fc53\" data-element_type=\"widget\" data-e-type=\"widget\" data-widget_type=\"text-editor.default\">\n\t\t\t\t<div class=\"elementor-widget-container\">\n\t\t\t\t\t\t\t\t\t<p>En pr\u00e9sence de Thomas Cailley, sc\u00e9nariste et r\u00e9alisateur et de Romain Duris, acteur.<\/p><p>Soir\u00e9e anim\u00e9e par J\u00e9r\u00f4me Z\u00e9lent, directeur de l\u2019UGC Lille.<\/p><p>Thomas Cailley film sans pareil le rapport \u00e0 l\u2019autre et \u00e0 la diff\u00e9rence. Comme Spielberg dans E.T., il inscrit avec bonheur, beaucoup d\u2019\u00e9motion, son histoire futuriste dans le r\u00e9el et le pr\u00e9sent.<\/p><p>Loin des \u00e9crans verts, ses acteurs, Paul Kircher et Tom Mercier, notamment, donne vie et corps \u00e0 ces mutations, \u00e0 cet abandon d\u2019humanit\u00e9 pour l\u2019animalit\u00e9, peut-\u00eatre une plus grande humanit\u00e9, comme le sugg\u00e8re le film.<\/p>\t\t\t\t\t\t\t\t<\/div>\n\t\t\t\t<\/div>\n\t\t\t\t<div class=\"elementor-element elementor-element-b7ff07a elementor-widget elementor-widget-image\" data-id=\"b7ff07a\" data-element_type=\"widget\" data-e-type=\"widget\" data-widget_type=\"image.default\">\n\t\t\t\t<div class=\"elementor-widget-container\">\n\t\t\t\t\t\t\t\t\t\t\t\t<figure class=\"wp-caption\">\n\t\t\t\t\t\t\t\t\t\t<img fetchpriority=\"high\" decoding=\"async\" width=\"1024\" height=\"576\" src=\"https:\/\/imagesontourne.com\/wp-content\/uploads\/2023\/10\/le-regne-animal_6.2.4-1024x576.jpg\" class=\"attachment-large size-large wp-image-747\" alt=\"Avant-premi\u00e8re \u00ab Le r\u00e8gne animal \u00bb, avec Romain Duris et Thomas Cailley, UGC Cin\u00e9 Cit\u00e9 Lille, 25 septembre 2023\" srcset=\"https:\/\/imagesontourne.com\/wp-content\/uploads\/2023\/10\/le-regne-animal_6.2.4-1024x576.jpg 1024w, https:\/\/imagesontourne.com\/wp-content\/uploads\/2023\/10\/le-regne-animal_6.2.4-300x169.jpg 300w, https:\/\/imagesontourne.com\/wp-content\/uploads\/2023\/10\/le-regne-animal_6.2.4-768x432.jpg 768w, https:\/\/imagesontourne.com\/wp-content\/uploads\/2023\/10\/le-regne-animal_6.2.4-1536x864.jpg 1536w, https:\/\/imagesontourne.com\/wp-content\/uploads\/2023\/10\/le-regne-animal_6.2.4-70x39.jpg 70w, https:\/\/imagesontourne.com\/wp-content\/uploads\/2023\/10\/le-regne-animal_6.2.4-600x338.jpg 600w, https:\/\/imagesontourne.com\/wp-content\/uploads\/2023\/10\/le-regne-animal_6.2.4.jpg 1920w\" sizes=\"(max-width: 1024px) 100vw, 1024px\" \/>\t\t\t\t\t\t\t\t\t\t\t<figcaption class=\"widget-image-caption wp-caption-text\">Avant-premi\u00e8re \u00ab Le r\u00e8gne animal \u00bb, avec Romain Duris et Thomas Cailley, UGC Cin\u00e9 Cit\u00e9 Lille, 25 septembre 2023<\/figcaption>\n\t\t\t\t\t\t\t\t\t\t<\/figure>\n\t\t\t\t\t\t\t\t\t<\/div>\n\t\t\t\t<\/div>\n\t\t\t\t<div class=\"elementor-element elementor-element-2719243 elementor-widget elementor-widget-text-editor\" data-id=\"2719243\" data-element_type=\"widget\" data-e-type=\"widget\" data-widget_type=\"text-editor.default\">\n\t\t\t\t<div class=\"elementor-widget-container\">\n\t\t\t\t\t\t\t\t\t<p>Romain Duris, \u00e0 l\u2019image de son pr\u00e9d\u00e9cesseur Tom Cruise, dans le film \u00ab\u00a0La Guerre des mondes\u00a0\u00bb, toujours de Spielberg, interpr\u00e8te avec brio un p\u00e8re qui, confront\u00e9 \u00e0 la perte des siens et de ses rep\u00e8res, \u00e9volue sans cesse, de la confiance en la science et les autorit\u00e9s, jusqu\u2019\u00e0 la transgression et l\u2019acceptation du monde nouveau naissant sous ses yeux, port\u00e9 par l\u2019amour \u00e0 sa femme et \u00e0 son fils.<\/p>\t\t\t\t\t\t\t\t<\/div>\n\t\t\t\t<\/div>\n\t\t\t\t<div class=\"elementor-element elementor-element-35242ec elementor-widget elementor-widget-image\" data-id=\"35242ec\" data-element_type=\"widget\" data-e-type=\"widget\" data-widget_type=\"image.default\">\n\t\t\t\t<div class=\"elementor-widget-container\">\n\t\t\t\t\t\t\t\t\t\t\t\t<figure class=\"wp-caption\">\n\t\t\t\t\t\t\t\t\t\t<img decoding=\"async\" width=\"1024\" height=\"576\" src=\"https:\/\/imagesontourne.com\/wp-content\/uploads\/2023\/10\/le-regne-animal_6.2.3-1024x576.jpg\" class=\"attachment-large size-large wp-image-746\" alt=\"Avant-premi\u00e8re \u00ab Le r\u00e8gne animal \u00bb, avec Romain Duris et Thomas Cailley, UGC Cin\u00e9 Cit\u00e9 Lille, 25 septembre 2023\" srcset=\"https:\/\/imagesontourne.com\/wp-content\/uploads\/2023\/10\/le-regne-animal_6.2.3-1024x576.jpg 1024w, https:\/\/imagesontourne.com\/wp-content\/uploads\/2023\/10\/le-regne-animal_6.2.3-300x169.jpg 300w, https:\/\/imagesontourne.com\/wp-content\/uploads\/2023\/10\/le-regne-animal_6.2.3-768x432.jpg 768w, https:\/\/imagesontourne.com\/wp-content\/uploads\/2023\/10\/le-regne-animal_6.2.3-1536x864.jpg 1536w, https:\/\/imagesontourne.com\/wp-content\/uploads\/2023\/10\/le-regne-animal_6.2.3-70x39.jpg 70w, https:\/\/imagesontourne.com\/wp-content\/uploads\/2023\/10\/le-regne-animal_6.2.3-600x338.jpg 600w, https:\/\/imagesontourne.com\/wp-content\/uploads\/2023\/10\/le-regne-animal_6.2.3.jpg 1920w\" sizes=\"(max-width: 1024px) 100vw, 1024px\" \/>\t\t\t\t\t\t\t\t\t\t\t<figcaption class=\"widget-image-caption wp-caption-text\">Avant-premi\u00e8re \u00ab Le r\u00e8gne animal \u00bb, avec Romain Duris et Thomas Cailley, UGC Cin\u00e9 Cit\u00e9 Lille, 25 septembre 2023<\/figcaption>\n\t\t\t\t\t\t\t\t\t\t<\/figure>\n\t\t\t\t\t\t\t\t\t<\/div>\n\t\t\t\t<\/div>\n\t\t\t\t<div class=\"elementor-element elementor-element-82263fd elementor-widget elementor-widget-text-editor\" data-id=\"82263fd\" data-element_type=\"widget\" data-e-type=\"widget\" data-widget_type=\"text-editor.default\">\n\t\t\t\t<div class=\"elementor-widget-container\">\n\t\t\t\t\t\t\t\t\t<h4>Sans aucun doute, la complicit\u00e9 entre Romain Duris et Paul Kircher pendant la pr\u00e9paration du film, sert magnifiquement le jeu des deux acteurs \u00e0 l\u2019\u00e9cran.<\/h4><h4>Comme le souligne Romain Duris lors de l\u2019Avan-premi\u00e8re :<\/h4><h4>\u00ab Thomas Cailley a mis\u00e9 sur une entente probable (..) et c\u2019est vrai qu\u2019avec Paul, \u00e7a \u00e9t\u00e9 tr\u00e8s direct, tr\u00e8s t\u00f4t. On a fait notre vie hors tournage avant de tourner. Les \u00e9quipes \u00e9taient l\u00e0, pour pr\u00e9parer, et nous on est parti \u00e0 l&#8217;aventure, \u00e0 d\u00e9couvrir la r\u00e9gion, parce que nous l\u2019a connaissions moins bien que Thomas, parce que lui vient du Sud-Ouest, nous on avait tout \u00e0 d\u00e9couvrir, (&#8230;) On s&#8217;est rencontr\u00e9s presque comme des amis, on a partag\u00e9 du temps ensemble, sans faire de plan, sans se dire \u00ab tiens il faudra que je joue ton p\u00e8re \u00bb, c&#8217;\u00e9tait pas programm\u00e9, c&#8217;\u00e9tait pas calcul\u00e9, c&#8217;\u00e9tait une entente pure et sinc\u00e8re. Trois jours apr\u00e8s, on jouait et moi j&#8217;\u00e9tais le papa et lui il \u00e9tait le fils \u00bb.<\/h4>\t\t\t\t\t\t\t\t<\/div>\n\t\t\t\t<\/div>\n\t\t\t\t\t<\/div>\n\t\t\t\t<\/div>\n\t\t<div class=\"elementor-element elementor-element-5e910f3 e-flex e-con-boxed e-con e-parent\" data-id=\"5e910f3\" data-element_type=\"container\" data-e-type=\"container\">\n\t\t\t\t\t<div class=\"e-con-inner\">\n\t\t\t\t<div class=\"elementor-element elementor-element-3d0e790 elementor-widget elementor-widget-image\" data-id=\"3d0e790\" data-element_type=\"widget\" data-e-type=\"widget\" data-widget_type=\"image.default\">\n\t\t\t\t<div class=\"elementor-widget-container\">\n\t\t\t\t\t\t\t\t\t\t\t\t<figure class=\"wp-caption\">\n\t\t\t\t\t\t\t\t\t\t<img decoding=\"async\" width=\"1024\" height=\"576\" src=\"https:\/\/imagesontourne.com\/wp-content\/uploads\/2023\/10\/le-regne-animal_6.2.2-1024x576.jpg\" class=\"attachment-large size-large wp-image-750\" alt=\"Avant-premi\u00e8re \u00ab Le r\u00e8gne animal \u00bb, avec Romain Duris et Thomas Cailley, UGC Cin\u00e9 Cit\u00e9 Lille, 25 septembre 2023\" srcset=\"https:\/\/imagesontourne.com\/wp-content\/uploads\/2023\/10\/le-regne-animal_6.2.2-1024x576.jpg 1024w, https:\/\/imagesontourne.com\/wp-content\/uploads\/2023\/10\/le-regne-animal_6.2.2-300x169.jpg 300w, https:\/\/imagesontourne.com\/wp-content\/uploads\/2023\/10\/le-regne-animal_6.2.2-768x432.jpg 768w, https:\/\/imagesontourne.com\/wp-content\/uploads\/2023\/10\/le-regne-animal_6.2.2-1536x864.jpg 1536w, https:\/\/imagesontourne.com\/wp-content\/uploads\/2023\/10\/le-regne-animal_6.2.2-70x39.jpg 70w, https:\/\/imagesontourne.com\/wp-content\/uploads\/2023\/10\/le-regne-animal_6.2.2-600x338.jpg 600w, https:\/\/imagesontourne.com\/wp-content\/uploads\/2023\/10\/le-regne-animal_6.2.2.jpg 1920w\" sizes=\"(max-width: 1024px) 100vw, 1024px\" \/>\t\t\t\t\t\t\t\t\t\t\t<figcaption class=\"widget-image-caption wp-caption-text\">Avant-premi\u00e8re \u00ab Le r\u00e8gne animal \u00bb, avec Romain Duris et Thomas Cailley, UGC Cin\u00e9 Cit\u00e9 Lille, 25 septembre 2023<\/figcaption>\n\t\t\t\t\t\t\t\t\t\t<\/figure>\n\t\t\t\t\t\t\t\t\t<\/div>\n\t\t\t\t<\/div>\n\t\t\t\t<div class=\"elementor-element elementor-element-7b314e8 elementor-widget elementor-widget-text-editor\" data-id=\"7b314e8\" data-element_type=\"widget\" data-e-type=\"widget\" data-widget_type=\"text-editor.default\">\n\t\t\t\t<div class=\"elementor-widget-container\">\n\t\t\t\t\t\t\t\t\t<p>Thomas Cailley : \u00ab Apr\u00e8s mon premier long m\u00e9trage \u00ab\u00a0les combattants\u00a0\u00bb, sorti en 2014, j\u2019ai eu envie d\u2019un projet qui aille vers l\u2019inverse, vers la vie, qui embrasse le vivant dans sa diversit\u00e9 (&#8230;) je voulais aborder des th\u00e9matiques, \u00e0 savoir l\u2019\u00e9mancipation, la filiation, la diff\u00e9rence, le rapport au vivant. \u00bb<\/p><p>Un film magnifique de Thomas Cailley, h\u00e9ritier en droite ligne de Spielberg, \u00e0 voir absolument.<\/p><p>Extraits de la bande annonce \u00ab Le r\u00e8gne animal \u00bb, un film de Thomas Cailley, avec Romain Duris, Paul Kircher, Ad\u00e8le Exarchopoulos, Tom Mercier \u00a9 2023 NORD-OUEST FILMS &#8211; STUDIOCANAL &#8211; FRANCE 2 CIN\u00c9MA &#8211; ART\u00c9MIS PRODUCTIONS<\/p><p>R\u00e9servez vos places sur <a href=\"https:\/\/www.ugc.fr\/film.html?id=15466\" target=\"_blank\" rel=\"noopener\">https:\/\/www.ugc.fr\/film.html?id=15466<\/a><\/p><p>Bande annonce : <a href=\"https:\/\/www.nord-ouest.com\/films\/le-r%C3%A8gne-animal\" target=\"_blank\" rel=\"noopener\">https:\/\/www.nord-ouest.com\/films\/le-r%C3%A8gne-animal<\/a><\/p>\t\t\t\t\t\t\t\t<\/div>\n\t\t\t\t<\/div>\n\t\t\t\t<div class=\"elementor-element elementor-element-954374a elementor-widget elementor-widget-image\" data-id=\"954374a\" data-element_type=\"widget\" data-e-type=\"widget\" data-widget_type=\"image.default\">\n\t\t\t\t<div class=\"elementor-widget-container\">\n\t\t\t\t\t\t\t\t\t\t\t\t<figure class=\"wp-caption\">\n\t\t\t\t\t\t\t\t\t\t<img loading=\"lazy\" decoding=\"async\" width=\"1024\" height=\"576\" src=\"https:\/\/imagesontourne.com\/wp-content\/uploads\/2023\/10\/le-regne-animal_6.2.1-1024x576.jpg\" class=\"attachment-large size-large wp-image-749\" alt=\"Avant-premi\u00e8re \u00ab Le r\u00e8gne animal \u00bb, avec Romain Duris et Thomas Cailley, UGC Cin\u00e9 Cit\u00e9 Lille, 25 septembre 2023\" srcset=\"https:\/\/imagesontourne.com\/wp-content\/uploads\/2023\/10\/le-regne-animal_6.2.1-1024x576.jpg 1024w, https:\/\/imagesontourne.com\/wp-content\/uploads\/2023\/10\/le-regne-animal_6.2.1-300x169.jpg 300w, https:\/\/imagesontourne.com\/wp-content\/uploads\/2023\/10\/le-regne-animal_6.2.1-768x432.jpg 768w, https:\/\/imagesontourne.com\/wp-content\/uploads\/2023\/10\/le-regne-animal_6.2.1-1536x864.jpg 1536w, https:\/\/imagesontourne.com\/wp-content\/uploads\/2023\/10\/le-regne-animal_6.2.1-70x39.jpg 70w, https:\/\/imagesontourne.com\/wp-content\/uploads\/2023\/10\/le-regne-animal_6.2.1-600x338.jpg 600w, https:\/\/imagesontourne.com\/wp-content\/uploads\/2023\/10\/le-regne-animal_6.2.1.jpg 1920w\" sizes=\"(max-width: 1024px) 100vw, 1024px\" \/>\t\t\t\t\t\t\t\t\t\t\t<figcaption class=\"widget-image-caption wp-caption-text\">Avant-premi\u00e8re \u00ab Le r\u00e8gne animal \u00bb, avec Romain Duris et Thomas Cailley, UGC Cin\u00e9 Cit\u00e9 Lille, 25 septembre 2023<\/figcaption>\n\t\t\t\t\t\t\t\t\t\t<\/figure>\n\t\t\t\t\t\t\t\t\t<\/div>\n\t\t\t\t<\/div>\n\t\t\t\t\t<\/div>\n\t\t\t\t<\/div>\n\t\t<div class=\"elementor-element elementor-element-5e80500 e-flex e-con-boxed e-con e-parent\" data-id=\"5e80500\" data-element_type=\"container\" data-e-type=\"container\">\n\t\t\t\t\t<div class=\"e-con-inner\">\n\t\t\t\t<div class=\"elementor-element elementor-element-7e98d72 elementor--star-style-star_unicode elementor-widget elementor-widget-star-rating\" data-id=\"7e98d72\" data-element_type=\"widget\" data-e-type=\"widget\" data-widget_type=\"star-rating.default\">\n\t\t\t\t<div class=\"elementor-widget-container\">\n\t\t\t\t\t\t\t<div class=\"elementor-star-rating__wrapper\">\n\t\t\t\t\t\t\t<div class=\"elementor-star-rating__title\">Nous avons aim\u00e9 le film<\/div>\n\t\t\t\t\t\t<div class=\"elementor-star-rating\" itemtype=\"http:\/\/schema.org\/Rating\" itemscope=\"\" itemprop=\"reviewRating\">\n\t\t\t\t<i class=\"elementor-star-full\" aria-hidden=\"true\">&#9733;<\/i><i class=\"elementor-star-full\" aria-hidden=\"true\">&#9733;<\/i><i class=\"elementor-star-full\" aria-hidden=\"true\">&#9733;<\/i><i class=\"elementor-star-full\" aria-hidden=\"true\">&#9733;<\/i><i class=\"elementor-star-full\" aria-hidden=\"true\">&#9733;<\/i>\t\t\t\t<span itemprop=\"ratingValue\" class=\"elementor-screen-only\">Not\u00e9 5 sur 5<\/span>\n\t\t\t<\/div>\n\t\t<\/div>\n\t\t\t\t\t\t<\/div>\n\t\t\t\t<\/div>\n\t\t\t\t\t<\/div>\n\t\t\t\t<\/div>\n\t\t\t\t<\/div>\n\t\t","protected":false},"excerpt":{"rendered":"<p>Thomas Cailley : \u00ab Apr\u00e8s mon premier long m\u00e9trage \u00ab les combattants \u00bb, sorti en 2014, j\u2019ai eu envie d\u2019un projet qui aille vers l\u2019inverse, vers la vie, qui embrasse le vivant dans sa diversit\u00e9 (&#8230;) je voulais aborder des th\u00e9matiques, \u00e0 savoir l\u2019\u00e9mancipation, la filiation, la diff\u00e9rence, le rapport au vivant. \u00bb<\/p>\n","protected":false},"author":1,"featured_media":745,"comment_status":"open","ping_status":"open","sticky":false,"template":"elementor_header_footer","format":"standard","meta":{"_acf_changed":false,"om_disable_all_campaigns":false,"_monsterinsights_skip_tracking":false,"_monsterinsights_sitenote_active":false,"_monsterinsights_sitenote_note":"","_monsterinsights_sitenote_category":0,"_uf_show_specific_survey":0,"_uf_disable_surveys":false,"footnotes":""},"categories":[19],"tags":[38,43,44,36],"class_list":["post-744","post","type-post","status-publish","format-standard","has-post-thumbnail","hentry","category-avant-premieres","tag-avant-premiere","tag-romain-duris","tag-thomas-cailley","tag-ugc-cine-cite-lille"],"acf":[],"aioseo_notices":[],"_links":{"self":[{"href":"https:\/\/imagesontourne.com\/index.php\/wp-json\/wp\/v2\/posts\/744","targetHints":{"allow":["GET"]}}],"collection":[{"href":"https:\/\/imagesontourne.com\/index.php\/wp-json\/wp\/v2\/posts"}],"about":[{"href":"https:\/\/imagesontourne.com\/index.php\/wp-json\/wp\/v2\/types\/post"}],"author":[{"embeddable":true,"href":"https:\/\/imagesontourne.com\/index.php\/wp-json\/wp\/v2\/users\/1"}],"replies":[{"embeddable":true,"href":"https:\/\/imagesontourne.com\/index.php\/wp-json\/wp\/v2\/comments?post=744"}],"version-history":[{"count":4,"href":"https:\/\/imagesontourne.com\/index.php\/wp-json\/wp\/v2\/posts\/744\/revisions"}],"predecessor-version":[{"id":755,"href":"https:\/\/imagesontourne.com\/index.php\/wp-json\/wp\/v2\/posts\/744\/revisions\/755"}],"wp:featuredmedia":[{"embeddable":true,"href":"https:\/\/imagesontourne.com\/index.php\/wp-json\/wp\/v2\/media\/745"}],"wp:attachment":[{"href":"https:\/\/imagesontourne.com\/index.php\/wp-json\/wp\/v2\/media?parent=744"}],"wp:term":[{"taxonomy":"category","embeddable":true,"href":"https:\/\/imagesontourne.com\/index.php\/wp-json\/wp\/v2\/categories?post=744"},{"taxonomy":"post_tag","embeddable":true,"href":"https:\/\/imagesontourne.com\/index.php\/wp-json\/wp\/v2\/tags?post=744"}],"curies":[{"name":"wp","href":"https:\/\/api.w.org\/{rel}","templated":true}]}}