{"id":787,"date":"2023-11-05T19:48:08","date_gmt":"2023-11-05T18:48:08","guid":{"rendered":"https:\/\/imagesontourne.com\/?p=787"},"modified":"2023-11-05T19:54:24","modified_gmt":"2023-11-05T18:54:24","slug":"avant-premiere-second-tour-avec-geraldine-danon-et-alexis-michalik-ugc-cine-cite-lille-9-octobre-2023","status":"publish","type":"post","link":"https:\/\/imagesontourne.com\/index.php\/2023\/11\/05\/avant-premiere-second-tour-avec-geraldine-danon-et-alexis-michalik-ugc-cine-cite-lille-9-octobre-2023\/","title":{"rendered":"Avant-premi\u00e8re \u00ab FLO \u00bb avec G\u00e9raldine Danon et Alexis Michalik, UGC Cin\u00e9 Cit\u00e9 Lille, 9 octobre 2023"},"content":{"rendered":"\t\t<div data-elementor-type=\"wp-post\" data-elementor-id=\"787\" class=\"elementor elementor-787\">\n\t\t\t\t<div class=\"elementor-element elementor-element-6ddfadb e-flex e-con-boxed e-con e-parent\" data-id=\"6ddfadb\" data-element_type=\"container\" data-e-type=\"container\">\n\t\t\t\t\t<div class=\"e-con-inner\">\n\t\t\t\t<div class=\"elementor-element elementor-element-3d6d48a elementor-widget elementor-widget-heading\" data-id=\"3d6d48a\" data-element_type=\"widget\" data-e-type=\"widget\" data-widget_type=\"heading.default\">\n\t\t\t\t<div class=\"elementor-widget-container\">\n\t\t\t\t\t<h2 class=\"elementor-heading-title elementor-size-default\">Avant-premi\u00e8re \u00ab FLO \u00bb avec G\u00e9raldine Danon et Alexis Michalik, UGC Cin\u00e9 Cit\u00e9 Lille, 9 octobre 2023<\/h2>\t\t\t\t<\/div>\n\t\t\t\t<\/div>\n\t\t\t\t\t<\/div>\n\t\t\t\t<\/div>\n\t\t<div class=\"elementor-element elementor-element-fdc5f57 e-flex e-con-boxed e-con e-parent\" data-id=\"fdc5f57\" data-element_type=\"container\" data-e-type=\"container\">\n\t\t\t\t\t<div class=\"e-con-inner\">\n\t\t\t\t<div class=\"elementor-element elementor-element-27a4963 elementor-widget elementor-widget-video\" data-id=\"27a4963\" data-element_type=\"widget\" data-e-type=\"widget\" data-settings=\"{&quot;video_type&quot;:&quot;vimeo&quot;}\" data-widget_type=\"video.default\">\n\t\t\t\t<div class=\"elementor-widget-container\">\n\t\t\t\t\t\t\t<div class=\"elementor-wrapper elementor-open-inline\">\n\t\t\t<iframe class=\"elementor-video-iframe\" allowfullscreen allow=\"clipboard-write\" title=\"Lecteur vid\u00e9o vimeo\" src=\"https:\/\/player.vimeo.com\/video\/881447288?color&amp;autopause=0&amp;loop=0&amp;muted=0&amp;title=1&amp;portrait=1&amp;byline=1#t=\"><\/iframe>\t\t<\/div>\n\t\t\t\t\t\t<\/div>\n\t\t\t\t<\/div>\n\t\t\t\t<div class=\"elementor-element elementor-element-2242697 elementor-widget-divider--view-line elementor-widget elementor-widget-divider\" data-id=\"2242697\" data-element_type=\"widget\" data-e-type=\"widget\" data-widget_type=\"divider.default\">\n\t\t\t\t<div class=\"elementor-widget-container\">\n\t\t\t\t\t\t\t<div class=\"elementor-divider\">\n\t\t\t<span class=\"elementor-divider-separator\">\n\t\t\t\t\t\t<\/span>\n\t\t<\/div>\n\t\t\t\t\t\t<\/div>\n\t\t\t\t<\/div>\n\t\t\t\t\t<\/div>\n\t\t\t\t<\/div>\n\t\t<div class=\"elementor-element elementor-element-6bf4ec4 e-flex e-con-boxed e-con e-parent\" data-id=\"6bf4ec4\" data-element_type=\"container\" data-e-type=\"container\">\n\t\t\t\t\t<div class=\"e-con-inner\">\n\t\t\t\t<div class=\"elementor-element elementor-element-dfa702b elementor-widget elementor-widget-text-editor\" data-id=\"dfa702b\" data-element_type=\"widget\" data-e-type=\"widget\" data-widget_type=\"text-editor.default\">\n\t\t\t\t<div class=\"elementor-widget-container\">\n\t\t\t\t\t\t\t\t\t<h4>G\u00e9raldine Danon : &#8220;Quand on \u00e9crit, on s&#8217;aper\u00e7oit que ce qui fait la r\u00e9ussite d&#8217;un projet, c&#8217;est d&#8217;\u00eatre le plus investi possible et aussi le plus sinc\u00e8re possible.&#8221;<\/h4>\t\t\t\t\t\t\t\t<\/div>\n\t\t\t\t<\/div>\n\t\t\t\t\t<\/div>\n\t\t\t\t<\/div>\n\t\t<div class=\"elementor-element elementor-element-37183e1 e-flex e-con-boxed e-con e-parent\" data-id=\"37183e1\" data-element_type=\"container\" data-e-type=\"container\">\n\t\t\t\t\t<div class=\"e-con-inner\">\n\t\t\t\t<div class=\"elementor-element elementor-element-8827aa1 elementor-widget elementor-widget-spacer\" data-id=\"8827aa1\" data-element_type=\"widget\" data-e-type=\"widget\" data-widget_type=\"spacer.default\">\n\t\t\t\t<div class=\"elementor-widget-container\">\n\t\t\t\t\t\t\t<div class=\"elementor-spacer\">\n\t\t\t<div class=\"elementor-spacer-inner\"><\/div>\n\t\t<\/div>\n\t\t\t\t\t\t<\/div>\n\t\t\t\t<\/div>\n\t\t\t\t<div class=\"elementor-element elementor-element-5a2fc53 elementor-widget elementor-widget-text-editor\" data-id=\"5a2fc53\" data-element_type=\"widget\" data-e-type=\"widget\" data-widget_type=\"text-editor.default\">\n\t\t\t\t<div class=\"elementor-widget-container\">\n\t\t\t\t\t\t\t\t\t<p>En pr\u00e9sence de G\u00e9raldine Danon, r\u00e9alisatrice, et Alexis Michalik, acteur.<\/p><p>Soir\u00e9e anim\u00e9e par J\u00e9r\u00f4me Z\u00e9lent, directeur de l\u2019UGC Lille.<\/p><p>Connue comme &#8220;la petite fianc\u00e9e de l\u2019Atlantique&#8221;, Florence Arthaud fut surtout une grande navigatrice.<\/p><p>Son palmar\u00e8s exceptionnel, et unique dans cet univers masculin, connut son apog\u00e9e avec sa victoire de la Route du Rhum en 1990.<\/p><p>Au-del\u00e0 de ces exploits, FLO raconte l\u2019incroyable destin d\u2019une femme farouchement libre qui d\u00e9cide de rejeter son milieu bourgeois et la vie qui lui avait \u00e9t\u00e9 trac\u00e9e, pour vivre pleinement ses r\u00eaves.<\/p>\t\t\t\t\t\t\t\t<\/div>\n\t\t\t\t<\/div>\n\t\t\t\t<div class=\"elementor-element elementor-element-b7ff07a elementor-widget elementor-widget-image\" data-id=\"b7ff07a\" data-element_type=\"widget\" data-e-type=\"widget\" data-widget_type=\"image.default\">\n\t\t\t\t<div class=\"elementor-widget-container\">\n\t\t\t\t\t\t\t\t\t\t\t\t<figure class=\"wp-caption\">\n\t\t\t\t\t\t\t\t\t\t<img fetchpriority=\"high\" decoding=\"async\" width=\"1024\" height=\"576\" src=\"https:\/\/imagesontourne.com\/wp-content\/uploads\/2023\/11\/Flo_5.3.1-1024x576.jpg\" class=\"attachment-large size-large wp-image-791\" alt=\"Avant-premi\u00e8re \u00ab FLO \u00bb avec G\u00e9raldine Danon, UGC Cin\u00e9 Cit\u00e9 Lille, 9 octobre 2023\" srcset=\"https:\/\/imagesontourne.com\/wp-content\/uploads\/2023\/11\/Flo_5.3.1-1024x576.jpg 1024w, https:\/\/imagesontourne.com\/wp-content\/uploads\/2023\/11\/Flo_5.3.1-300x169.jpg 300w, https:\/\/imagesontourne.com\/wp-content\/uploads\/2023\/11\/Flo_5.3.1-768x432.jpg 768w, https:\/\/imagesontourne.com\/wp-content\/uploads\/2023\/11\/Flo_5.3.1-1536x864.jpg 1536w, https:\/\/imagesontourne.com\/wp-content\/uploads\/2023\/11\/Flo_5.3.1-70x39.jpg 70w, https:\/\/imagesontourne.com\/wp-content\/uploads\/2023\/11\/Flo_5.3.1-600x338.jpg 600w, https:\/\/imagesontourne.com\/wp-content\/uploads\/2023\/11\/Flo_5.3.1.jpg 1920w\" sizes=\"(max-width: 1024px) 100vw, 1024px\" \/>\t\t\t\t\t\t\t\t\t\t\t<figcaption class=\"widget-image-caption wp-caption-text\">Avant-premi\u00e8re \u00ab FLO \u00bb avec G\u00e9raldine Danon, UGC Cin\u00e9 Cit\u00e9 Lille, 9 octobre 2023<\/figcaption>\n\t\t\t\t\t\t\t\t\t\t<\/figure>\n\t\t\t\t\t\t\t\t\t<\/div>\n\t\t\t\t<\/div>\n\t\t\t\t<div class=\"elementor-element elementor-element-2719243 elementor-widget elementor-widget-text-editor\" data-id=\"2719243\" data-element_type=\"widget\" data-e-type=\"widget\" data-widget_type=\"text-editor.default\">\n\t\t\t\t<div class=\"elementor-widget-container\">\n\t\t\t\t\t\t\t\t\t<p>Libre adaptation de \u00ab La mer et au-del\u00e0 \u00bb de Yann Queff\u00e9lec par G\u00e9raldine Danon, son premier film de fiction. Biopic d\u2019une amie proche, G\u00e9raldine Danon met en sc\u00e8ne Florence Arthaud telle qu\u2019elle la v\u00e9cu, \u00ab\u00a0une femme libre, farouche, joyeuse, puissante et aventuri\u00e8re\u00a0\u00bb.<\/p>\t\t\t\t\t\t\t\t<\/div>\n\t\t\t\t<\/div>\n\t\t\t\t<div class=\"elementor-element elementor-element-35242ec elementor-widget elementor-widget-image\" data-id=\"35242ec\" data-element_type=\"widget\" data-e-type=\"widget\" data-widget_type=\"image.default\">\n\t\t\t\t<div class=\"elementor-widget-container\">\n\t\t\t\t\t\t\t\t\t\t\t\t<figure class=\"wp-caption\">\n\t\t\t\t\t\t\t\t\t\t<img decoding=\"async\" width=\"1024\" height=\"576\" src=\"https:\/\/imagesontourne.com\/wp-content\/uploads\/2023\/11\/Flo_1.20.1-1024x576.jpg\" class=\"attachment-large size-large wp-image-789\" alt=\"Avant-premi\u00e8re \u00ab FLO \u00bb avec G\u00e9raldine Danon et Alexis Michalik, UGC Cin\u00e9 Cit\u00e9 Lille, 9 octobre 2023\" srcset=\"https:\/\/imagesontourne.com\/wp-content\/uploads\/2023\/11\/Flo_1.20.1-1024x576.jpg 1024w, https:\/\/imagesontourne.com\/wp-content\/uploads\/2023\/11\/Flo_1.20.1-300x169.jpg 300w, https:\/\/imagesontourne.com\/wp-content\/uploads\/2023\/11\/Flo_1.20.1-768x432.jpg 768w, https:\/\/imagesontourne.com\/wp-content\/uploads\/2023\/11\/Flo_1.20.1-1536x864.jpg 1536w, https:\/\/imagesontourne.com\/wp-content\/uploads\/2023\/11\/Flo_1.20.1-70x39.jpg 70w, https:\/\/imagesontourne.com\/wp-content\/uploads\/2023\/11\/Flo_1.20.1-600x338.jpg 600w, https:\/\/imagesontourne.com\/wp-content\/uploads\/2023\/11\/Flo_1.20.1.jpg 1920w\" sizes=\"(max-width: 1024px) 100vw, 1024px\" \/>\t\t\t\t\t\t\t\t\t\t\t<figcaption class=\"widget-image-caption wp-caption-text\">Avant-premi\u00e8re \u00ab FLO \u00bb avec G\u00e9raldine Danon et Alexis Michalik, UGC Cin\u00e9 Cit\u00e9 Lille, 9 octobre 2023<\/figcaption>\n\t\t\t\t\t\t\t\t\t\t<\/figure>\n\t\t\t\t\t\t\t\t\t<\/div>\n\t\t\t\t<\/div>\n\t\t\t\t<div class=\"elementor-element elementor-element-714663f elementor-widget elementor-widget-text-editor\" data-id=\"714663f\" data-element_type=\"widget\" data-e-type=\"widget\" data-widget_type=\"text-editor.default\">\n\t\t\t\t<div class=\"elementor-widget-container\">\n\t\t\t\t\t\t\t\t\t<p>Intens\u00e9ment incarn\u00e9e par St\u00e9phane Caillard, la personnalit\u00e9 de Florence Arthaud est abord\u00e9e dans sa complexit\u00e9 et ses zones d\u2019ombre. Si l\u2019\u00e9criture de ce premier biopic consacr\u00e9 \u00e0 la navigatrice est assez classique dans son principe narratif, l\u2019\u00e9nergie et l\u2019intensit\u00e9 qui s\u2019en d\u00e9gagent en font un film r\u00e9ussi, ni pan\u00e9gyrique, ni documentaire, il nous embarque dans une course au large \u00e0 100 km\/h sur les pas \u00ab\u00a0d\u2019une boulimique de la vie\u00a0\u00bb.<\/p><p>On regrettera qu\u2019il n\u2019y ait pas eu une plus grande place encore r\u00e9serv\u00e9e aux moments en mer, mais ceux qui sont film\u00e9s sont une magnifique r\u00e9ussite, gr\u00e2ce au travail de pr\u00e9paration de St\u00e9phane Caillard, \u00e0 une \u00e9quipe technique port\u00e9e par G\u00e9raldine Danon experte des tournages en mer et l\u2019utilisation des bateaux originaux barr\u00e9s par Florence Arthaud lors de ses diff\u00e9rentes courses.<\/p>\t\t\t\t\t\t\t\t<\/div>\n\t\t\t\t<\/div>\n\t\t\t\t<div class=\"elementor-element elementor-element-35464a3 elementor-widget elementor-widget-image\" data-id=\"35464a3\" data-element_type=\"widget\" data-e-type=\"widget\" data-widget_type=\"image.default\">\n\t\t\t\t<div class=\"elementor-widget-container\">\n\t\t\t\t\t\t\t\t\t\t\t\t<figure class=\"wp-caption\">\n\t\t\t\t\t\t\t\t\t\t<img decoding=\"async\" width=\"1024\" height=\"576\" src=\"https:\/\/imagesontourne.com\/wp-content\/uploads\/2023\/11\/Flo-03_11-Credit-photo-Laura-Poupon.ca5f34a7-7551-48ca-8689-2b9af7bef5c1-1024x576.jpg\" class=\"attachment-large size-large wp-image-799\" alt=\"FLO - Stephane Caillard - Cr\u00e9dit photo Laura Poupon\" srcset=\"https:\/\/imagesontourne.com\/wp-content\/uploads\/2023\/11\/Flo-03_11-Credit-photo-Laura-Poupon.ca5f34a7-7551-48ca-8689-2b9af7bef5c1-1024x576.jpg 1024w, https:\/\/imagesontourne.com\/wp-content\/uploads\/2023\/11\/Flo-03_11-Credit-photo-Laura-Poupon.ca5f34a7-7551-48ca-8689-2b9af7bef5c1-300x169.jpg 300w, https:\/\/imagesontourne.com\/wp-content\/uploads\/2023\/11\/Flo-03_11-Credit-photo-Laura-Poupon.ca5f34a7-7551-48ca-8689-2b9af7bef5c1-768x432.jpg 768w, https:\/\/imagesontourne.com\/wp-content\/uploads\/2023\/11\/Flo-03_11-Credit-photo-Laura-Poupon.ca5f34a7-7551-48ca-8689-2b9af7bef5c1-1536x864.jpg 1536w, https:\/\/imagesontourne.com\/wp-content\/uploads\/2023\/11\/Flo-03_11-Credit-photo-Laura-Poupon.ca5f34a7-7551-48ca-8689-2b9af7bef5c1-2048x1152.jpg 2048w, https:\/\/imagesontourne.com\/wp-content\/uploads\/2023\/11\/Flo-03_11-Credit-photo-Laura-Poupon.ca5f34a7-7551-48ca-8689-2b9af7bef5c1-70x39.jpg 70w, https:\/\/imagesontourne.com\/wp-content\/uploads\/2023\/11\/Flo-03_11-Credit-photo-Laura-Poupon.ca5f34a7-7551-48ca-8689-2b9af7bef5c1-600x338.jpg 600w\" sizes=\"(max-width: 1024px) 100vw, 1024px\" \/>\t\t\t\t\t\t\t\t\t\t\t<figcaption class=\"widget-image-caption wp-caption-text\">FLO - Stephane Caillard - Cr\u00e9dit photo Laura Poupon<\/figcaption>\n\t\t\t\t\t\t\t\t\t\t<\/figure>\n\t\t\t\t\t\t\t\t\t<\/div>\n\t\t\t\t<\/div>\n\t\t\t\t<div class=\"elementor-element elementor-element-7478a77 elementor-widget elementor-widget-text-editor\" data-id=\"7478a77\" data-element_type=\"widget\" data-e-type=\"widget\" data-widget_type=\"text-editor.default\">\n\t\t\t\t<div class=\"elementor-widget-container\">\n\t\t\t\t\t\t\t\t\t<blockquote><h4><span style=\"font-size: 20px;\">G\u00e9raldine Danon : <\/span><\/h4><p><span style=\"font-size: 20px;\">\u00ab Quand on \u00e9crit, on s&#8217;aper\u00e7oit que ce qui fait la r\u00e9ussite d&#8217;un projet, c&#8217;est d&#8217;\u00eatre le plus investi possible et aussi le plus sinc\u00e8re possible. Donc, tout du long, depuis le jour o\u00f9 j&#8217;ai commenc\u00e9 \u00e0 me mettre l\u2019\u00e9criture jusqu&#8217;\u00e0 aujourd&#8217;hui, j\u2019essaye d\u2019\u00eatre le plus sinc\u00e8re, le plus \u00e9nergique aussi, car il faut transmettre de l&#8217;\u00e9nergie, porter une \u00e9quipe, que cette \u00e9quipe soit avec vous, qu\u2019elle ait confiance en vous, qu\u2019elle ait envie de croire dans votre projet, de l\u2019embarquer. C\u2019est un peu comme un capitaine de bateau un metteur en sc\u00e8ne. (\u2026) c&#8217;est vrai que quand je suis en mer, et que je fais un documentaire, je suis seule, je fais tout toute seule. L\u00e0 j&#8217;avais une \u00e9quipe avec moi, des acteurs extraordinaires, des techniciens qui m\u2019ont suivi, qui ont donn\u00e9 le meilleur d\u2019eux-m\u00eames, et \u00e7a c&#8217;est un grand bonheur. \u00bb<\/span><\/p><\/blockquote>\t\t\t\t\t\t\t\t<\/div>\n\t\t\t\t<\/div>\n\t\t\t\t\t<\/div>\n\t\t\t\t<\/div>\n\t\t<div class=\"elementor-element elementor-element-5e910f3 e-flex e-con-boxed e-con e-parent\" data-id=\"5e910f3\" data-element_type=\"container\" data-e-type=\"container\">\n\t\t\t\t\t<div class=\"e-con-inner\">\n\t\t\t\t<div class=\"elementor-element elementor-element-3d0e790 elementor-widget elementor-widget-image\" data-id=\"3d0e790\" data-element_type=\"widget\" data-e-type=\"widget\" data-widget_type=\"image.default\">\n\t\t\t\t<div class=\"elementor-widget-container\">\n\t\t\t\t\t\t\t\t\t\t\t\t<figure class=\"wp-caption\">\n\t\t\t\t\t\t\t\t\t\t<img loading=\"lazy\" decoding=\"async\" width=\"1024\" height=\"576\" src=\"https:\/\/imagesontourne.com\/wp-content\/uploads\/2023\/11\/Flo_5.11.1-1024x576.jpg\" class=\"attachment-large size-large wp-image-795\" alt=\"Avant-premi\u00e8re \u00ab FLO \u00bb avec G\u00e9raldine Danon, UGC Cin\u00e9 Cit\u00e9 Lille, 9 octobre 2023\" srcset=\"https:\/\/imagesontourne.com\/wp-content\/uploads\/2023\/11\/Flo_5.11.1-1024x576.jpg 1024w, https:\/\/imagesontourne.com\/wp-content\/uploads\/2023\/11\/Flo_5.11.1-300x169.jpg 300w, https:\/\/imagesontourne.com\/wp-content\/uploads\/2023\/11\/Flo_5.11.1-768x432.jpg 768w, https:\/\/imagesontourne.com\/wp-content\/uploads\/2023\/11\/Flo_5.11.1-1536x864.jpg 1536w, https:\/\/imagesontourne.com\/wp-content\/uploads\/2023\/11\/Flo_5.11.1-70x39.jpg 70w, https:\/\/imagesontourne.com\/wp-content\/uploads\/2023\/11\/Flo_5.11.1-600x338.jpg 600w, https:\/\/imagesontourne.com\/wp-content\/uploads\/2023\/11\/Flo_5.11.1.jpg 1920w\" sizes=\"(max-width: 1024px) 100vw, 1024px\" \/>\t\t\t\t\t\t\t\t\t\t\t<figcaption class=\"widget-image-caption wp-caption-text\">Avant-premi\u00e8re \u00ab FLO \u00bb avec G\u00e9raldine Danon, UGC Cin\u00e9 Cit\u00e9 Lille, 9 octobre 2023<\/figcaption>\n\t\t\t\t\t\t\t\t\t\t<\/figure>\n\t\t\t\t\t\t\t\t\t<\/div>\n\t\t\t\t<\/div>\n\t\t\t\t<div class=\"elementor-element elementor-element-82263fd elementor-widget elementor-widget-text-editor\" data-id=\"82263fd\" data-element_type=\"widget\" data-e-type=\"widget\" data-widget_type=\"text-editor.default\">\n\t\t\t\t<div class=\"elementor-widget-container\">\n\t\t\t\t\t\t\t\t\t<p>Extraits de la bande annonce \u00ab FLO \u00bb, un film de G\u00e9raldine Danon, avec St\u00e9phane Caillard, Alison Wheeler, Alexis Michalik, Pierre Deladonchamps, Charles Berling, Samuel Jouy, Marilyne Canto \u00a9 2023 les FILMS MANUEL MUNZ.<\/p>\t\t\t\t\t\t\t\t<\/div>\n\t\t\t\t<\/div>\n\t\t\t\t<div class=\"elementor-element elementor-element-7b314e8 elementor-widget elementor-widget-text-editor\" data-id=\"7b314e8\" data-element_type=\"widget\" data-e-type=\"widget\" data-widget_type=\"text-editor.default\">\n\t\t\t\t<div class=\"elementor-widget-container\">\n\t\t\t\t\t\t\t\t\t<p>R\u00e9servez vos places sur <a href=\"https:\/\/www.ugc.fr\/film.html?id=15519\">https:\/\/www.ugc.fr\/film.html?id=15519<\/a><\/p><p>Bande annonce : <a href=\"https:\/\/metrofilms.com\/film\/flo\/\">https:\/\/metrofilms.com\/film\/flo\/<\/a><\/p><p><span style=\"font-size: 14px;\">Captation, montage, mixage son et r\u00e9alisation : Eric Dubois-Geoffroy, IMAGES ON TOURNE, Lille, 2023.<\/span><\/p><p><span style=\"font-size: 14px;\">Captation : iPhone 13 Pro \u2013 Black Magic Camera pour Iphone<\/span><\/p><p><span style=\"font-size: 14px;\">Montage : DaVinci Resolve 18.6<\/span><\/p><p><span style=\"font-size: 14px;\">Toutes nos excuses pour la qualit\u00e9 sonore de la captation, difficile en raison des \u00e9chos et bruits de fond importants entre la sc\u00e8ne et la salle et malgr\u00e9 le travail en post-production audio.<\/span><\/p>\t\t\t\t\t\t\t\t<\/div>\n\t\t\t\t<\/div>\n\t\t\t\t<div class=\"elementor-element elementor-element-954374a elementor-widget elementor-widget-image\" data-id=\"954374a\" data-element_type=\"widget\" data-e-type=\"widget\" data-widget_type=\"image.default\">\n\t\t\t\t<div class=\"elementor-widget-container\">\n\t\t\t\t\t\t\t\t\t\t\t\t<figure class=\"wp-caption\">\n\t\t\t\t\t\t\t\t\t\t<img loading=\"lazy\" decoding=\"async\" width=\"1024\" height=\"683\" src=\"https:\/\/imagesontourne.com\/wp-content\/uploads\/2023\/11\/FLO-Photo-1_Cre\u00b4dit-photo-Laura-Poupon.78857ec3-e227-4efa-8bdd-f2bb618eb92f-1024x683.jpg\" class=\"attachment-large size-large wp-image-798\" alt=\"FLO - Cr\u00e9dit photo Laura Poupon\" srcset=\"https:\/\/imagesontourne.com\/wp-content\/uploads\/2023\/11\/FLO-Photo-1_Cre\u00b4dit-photo-Laura-Poupon.78857ec3-e227-4efa-8bdd-f2bb618eb92f-1024x683.jpg 1024w, https:\/\/imagesontourne.com\/wp-content\/uploads\/2023\/11\/FLO-Photo-1_Cre\u00b4dit-photo-Laura-Poupon.78857ec3-e227-4efa-8bdd-f2bb618eb92f-300x200.jpg 300w, https:\/\/imagesontourne.com\/wp-content\/uploads\/2023\/11\/FLO-Photo-1_Cre\u00b4dit-photo-Laura-Poupon.78857ec3-e227-4efa-8bdd-f2bb618eb92f-768x512.jpg 768w, https:\/\/imagesontourne.com\/wp-content\/uploads\/2023\/11\/FLO-Photo-1_Cre\u00b4dit-photo-Laura-Poupon.78857ec3-e227-4efa-8bdd-f2bb618eb92f-1536x1024.jpg 1536w, https:\/\/imagesontourne.com\/wp-content\/uploads\/2023\/11\/FLO-Photo-1_Cre\u00b4dit-photo-Laura-Poupon.78857ec3-e227-4efa-8bdd-f2bb618eb92f-2048x1366.jpg 2048w, https:\/\/imagesontourne.com\/wp-content\/uploads\/2023\/11\/FLO-Photo-1_Cre\u00b4dit-photo-Laura-Poupon.78857ec3-e227-4efa-8bdd-f2bb618eb92f-70x47.jpg 70w, https:\/\/imagesontourne.com\/wp-content\/uploads\/2023\/11\/FLO-Photo-1_Cre\u00b4dit-photo-Laura-Poupon.78857ec3-e227-4efa-8bdd-f2bb618eb92f-600x400.jpg 600w\" sizes=\"(max-width: 1024px) 100vw, 1024px\" \/>\t\t\t\t\t\t\t\t\t\t\t<figcaption class=\"widget-image-caption wp-caption-text\">FLO - Cr\u00e9dit photo Laura Poupon<\/figcaption>\n\t\t\t\t\t\t\t\t\t\t<\/figure>\n\t\t\t\t\t\t\t\t\t<\/div>\n\t\t\t\t<\/div>\n\t\t\t\t\t<\/div>\n\t\t\t\t<\/div>\n\t\t<div class=\"elementor-element elementor-element-5e80500 e-flex e-con-boxed e-con e-parent\" data-id=\"5e80500\" data-element_type=\"container\" data-e-type=\"container\">\n\t\t\t\t\t<div class=\"e-con-inner\">\n\t\t\t\t<div class=\"elementor-element elementor-element-7e98d72 elementor--star-style-star_unicode elementor-widget elementor-widget-star-rating\" data-id=\"7e98d72\" data-element_type=\"widget\" data-e-type=\"widget\" data-widget_type=\"star-rating.default\">\n\t\t\t\t<div class=\"elementor-widget-container\">\n\t\t\t\t\t\t\t<div class=\"elementor-star-rating__wrapper\">\n\t\t\t\t\t\t\t<div class=\"elementor-star-rating__title\">Nous avons aim\u00e9 le film<\/div>\n\t\t\t\t\t\t<div class=\"elementor-star-rating\" itemtype=\"http:\/\/schema.org\/Rating\" itemscope=\"\" itemprop=\"reviewRating\">\n\t\t\t\t<i class=\"elementor-star-full\" aria-hidden=\"true\">&#9733;<\/i><i class=\"elementor-star-full\" aria-hidden=\"true\">&#9733;<\/i><i class=\"elementor-star-full\" aria-hidden=\"true\">&#9733;<\/i><i class=\"elementor-star-full\" aria-hidden=\"true\">&#9733;<\/i><i class=\"elementor-star-empty\" aria-hidden=\"true\">&#9733;<\/i>\t\t\t\t<span itemprop=\"ratingValue\" class=\"elementor-screen-only\">Not\u00e9 4 sur 5<\/span>\n\t\t\t<\/div>\n\t\t<\/div>\n\t\t\t\t\t\t<\/div>\n\t\t\t\t<\/div>\n\t\t\t\t\t<\/div>\n\t\t\t\t<\/div>\n\t\t\t\t<\/div>\n\t\t","protected":false},"excerpt":{"rendered":"<p>G\u00e9raldine Danon : \u00ab Quand on \u00e9crit, on s&#8217;aper\u00e7oit que ce qui fait la r\u00e9ussite d&#8217;un projet, c&#8217;est d&#8217;\u00eatre le plus investi possible et aussi le plus sinc\u00e8re possible. Donc, tout du long, depuis le jour o\u00f9 j&#8217;ai commenc\u00e9 \u00e0 me mettre l\u2019\u00e9criture jusqu&#8217;\u00e0 aujourd&#8217;hui, j\u2019essaye d\u2019\u00eatre le plus sinc\u00e8re, le plus \u00e9nergique aussi, car il faut transmettre de l&#8217;\u00e9nergie, porter une \u00e9quipe, que cette \u00e9quipe soit avec vous, qu\u2019elle ait confiance en vous, qu\u2019elle ait envie de croire dans votre projet, de l\u2019embarquer. C\u2019est un peu comme un capitaine de bateau un metteur en sc\u00e8ne. (\u2026) c&#8217;est vrai que quand je suis en mer, et que je fais un documentaire, je suis seule, je fais tout toute seule. L\u00e0 j&#8217;avais une \u00e9quipe avec moi, des acteurs extraordinaires, des techniciens qui m\u2019ont suivi, qui ont donn\u00e9 le meilleur d\u2019eux-m\u00eames, et \u00e7a c&#8217;est un grand bonheur. \u00bb<\/p>\n","protected":false},"author":1,"featured_media":788,"comment_status":"open","ping_status":"open","sticky":false,"template":"elementor_header_footer","format":"standard","meta":{"_acf_changed":false,"om_disable_all_campaigns":false,"_monsterinsights_skip_tracking":false,"_monsterinsights_sitenote_active":false,"_monsterinsights_sitenote_note":"","_monsterinsights_sitenote_category":0,"_uf_show_specific_survey":0,"_uf_disable_surveys":false,"footnotes":""},"categories":[19],"tags":[38,43,44,36],"class_list":["post-787","post","type-post","status-publish","format-standard","has-post-thumbnail","hentry","category-avant-premieres","tag-avant-premiere","tag-romain-duris","tag-thomas-cailley","tag-ugc-cine-cite-lille"],"acf":[],"aioseo_notices":[],"_links":{"self":[{"href":"https:\/\/imagesontourne.com\/index.php\/wp-json\/wp\/v2\/posts\/787","targetHints":{"allow":["GET"]}}],"collection":[{"href":"https:\/\/imagesontourne.com\/index.php\/wp-json\/wp\/v2\/posts"}],"about":[{"href":"https:\/\/imagesontourne.com\/index.php\/wp-json\/wp\/v2\/types\/post"}],"author":[{"embeddable":true,"href":"https:\/\/imagesontourne.com\/index.php\/wp-json\/wp\/v2\/users\/1"}],"replies":[{"embeddable":true,"href":"https:\/\/imagesontourne.com\/index.php\/wp-json\/wp\/v2\/comments?post=787"}],"version-history":[{"count":7,"href":"https:\/\/imagesontourne.com\/index.php\/wp-json\/wp\/v2\/posts\/787\/revisions"}],"predecessor-version":[{"id":809,"href":"https:\/\/imagesontourne.com\/index.php\/wp-json\/wp\/v2\/posts\/787\/revisions\/809"}],"wp:featuredmedia":[{"embeddable":true,"href":"https:\/\/imagesontourne.com\/index.php\/wp-json\/wp\/v2\/media\/788"}],"wp:attachment":[{"href":"https:\/\/imagesontourne.com\/index.php\/wp-json\/wp\/v2\/media?parent=787"}],"wp:term":[{"taxonomy":"category","embeddable":true,"href":"https:\/\/imagesontourne.com\/index.php\/wp-json\/wp\/v2\/categories?post=787"},{"taxonomy":"post_tag","embeddable":true,"href":"https:\/\/imagesontourne.com\/index.php\/wp-json\/wp\/v2\/tags?post=787"}],"curies":[{"name":"wp","href":"https:\/\/api.w.org\/{rel}","templated":true}]}}